{"id":3643,"date":"2026-01-12T00:05:00","date_gmt":"2026-01-12T00:05:00","guid":{"rendered":"https:\/\/www.cronicasliterarias.es\/?p=3643"},"modified":"2026-01-14T16:09:56","modified_gmt":"2026-01-14T16:09:56","slug":"resena-los-guerreros-de-dios-integral-1-de-philippe-richelle-y-pierre-wachs","status":"publish","type":"post","link":"https:\/\/www.cronicasliterarias.es\/?p=3643","title":{"rendered":"Rese\u00f1a: Los Guerreros de Dios. Integral 1"},"content":{"rendered":"<p align=\"JUSTIFY\"><img loading=\"lazy\" decoding=\"async\" class=\"alignleft  wp-image-3645\" src=\"https:\/\/www.cronicasliterarias.es\/wp-content\/uploads\/2021\/02\/losguerrerosdediosCL.jpg\" alt=\"\" width=\"222\" height=\"303\" srcset=\"https:\/\/www.cronicasliterarias.es\/wp-content\/uploads\/2021\/02\/losguerrerosdediosCL.jpg 264w, https:\/\/www.cronicasliterarias.es\/wp-content\/uploads\/2021\/02\/losguerrerosdediosCL-220x300.jpg 220w\" sizes=\"auto, (max-width: 222px) 100vw, 222px\" \/>Lo importante es, que cuando los propios autores son amantes de la Historia, en su obra normalmente lo van a transmitir muy bien. Y todo va en consonancia. El lector de <em>Los Guerreros de Dios<\/em>, esta chulada de \u00e1lbumes recopilados que est\u00e1 publicando Ponent Mon, de Philippe Richelle y Pierre Wachs, y del que se acaba de publicar el segundo volumen; el lector, t\u00fa y yo, en m\u00e1s o menos ganas, nos gusta leer\/saber m\u00e1s de la Historia y en este caso, de las curiosas (por llamarlas de alguna manera) guerras civiles m\u00e1s importantes que Francia sufri\u00f3 entre cat\u00f3licos y protestantes. Un periodo turbio como pocos. Un contexto bastante bien descrito por guionista e ilustrador de este c\u00f3mic, sobre todo, por que se lleva adelante no como plato principal, m\u00e1s bien de trasfondo.<\/p>\n<p align=\"JUSTIFY\">En <em>Los Guerreros de Dios<\/em> todo se centra en las desventuras de un caballero que lleg\u00f3 a interesarse por la Reforma un tanto por accidente; hecho que me parece sublime porque&#8230; \u00bfC\u00f3mo nos ocurre lo importante en nuestras vidas, si no es por pura casualidad? Cuando Francia se quiebra en la segunda mitad del siglo XVI, guerra y religi\u00f3n van de la mano. Un caballero se ver\u00e1 obligado a mezclar estas dos \u00abvirtudes\u00bb del hombre. Entre reforma y tradici\u00f3n, su coraz\u00f3n sangriento se balancea. En aquel siglo <img loading=\"lazy\" decoding=\"async\" class=\"alignright  wp-image-3646\" src=\"https:\/\/www.cronicasliterarias.es\/wp-content\/uploads\/2021\/02\/losguerrerosdedios02.jpg\" alt=\"\" width=\"90\" height=\"127\" srcset=\"https:\/\/www.cronicasliterarias.es\/wp-content\/uploads\/2021\/02\/losguerrerosdedios02.jpg 215w, https:\/\/www.cronicasliterarias.es\/wp-content\/uploads\/2021\/02\/losguerrerosdedios02-212x300.jpg 212w\" sizes=\"auto, (max-width: 90px) 100vw, 90px\" \/>de incertidumbre, el reino de Francia busc\u00f3 enemigos doquiera que mirara. En especial, quer\u00eda hacer frente a la \u201ccodicia\u201d de los espa\u00f1oles. Por eso, en su fuero interno se le dio caza a los seguidores de la Reforma. Enrique II quiere que desaparezca del mapa el caballero de Boissac, un supuesto cat\u00f3lico pero curioso de las tesis de los hugonotes. Debe vivir una amarga experiencia. La religi\u00f3n no es una broma si la Iglesia Romana te est\u00e1 observando. Eso debe saberlo.<\/p>\n<p align=\"JUSTIFY\">En esta \u00e9poca de pensamiento en auge, donde el hombre ya se ve como el centro del universo y omnipotente, pienso que es s\u00faper complicado asumirlo si no tienes la m\u00e1s m\u00ednima idea de lo principal. Puedes pillar ideas objetivas de gente, del porqu\u00e9 a tanto movimiento a finales de siglo XVI, pero lo normal es que oigas m\u00e1s ideas subjetivas que otra cosa. \u00bfPor qu\u00e9? Porque aqu\u00ed (una vez m\u00e1s) la religi\u00f3n anda de por medio. Y si no te atrae siquiera un poco el tema, te enterar\u00e1s de muy poco. Por ejemplo, preguntar sobre las ideas de Calvino en la plaza de Par\u00eds en el a\u00f1o de gracia de 1557, quiz\u00e1s era yo el \u00fanico tonto en clase de Filosof\u00eda en el instituto al que le interesaba. Pero yo soy fan -entre otras muchas cosas-, de ver como el ser humano es capaz de ahogarse en un vaso de agua cuando algo le increpa. O mejor dicho, le da miedo. Y si entonces nos trasladamos a territorio galo, al verano de 1557, una zona invadida por las tropas del emperador espa\u00f1ol Felipe II, un enemigo temido por todos, y seg\u00fan el entendimiento del monarca franc\u00e9s, enemigo atroz que manda sitiar la ciudad de Saint-Quentin de la mano del militar Manuel Felipe de Saboya; yo, por ejemplo, ya estoy dentro.<\/p>\n<p align=\"JUSTIFY\"><img loading=\"lazy\" decoding=\"async\" class=\"alignleft  wp-image-3649\" src=\"https:\/\/www.cronicasliterarias.es\/wp-content\/uploads\/2021\/02\/losguerrerosdedios03.jpg\" alt=\"\" width=\"106\" height=\"148\" srcset=\"https:\/\/www.cronicasliterarias.es\/wp-content\/uploads\/2021\/02\/losguerrerosdedios03.jpg 228w, https:\/\/www.cronicasliterarias.es\/wp-content\/uploads\/2021\/02\/losguerrerosdedios03-214x300.jpg 214w\" sizes=\"auto, (max-width: 106px) 100vw, 106px\" \/>Este primer integral recoge los tres primeros \u00e1lbumes de la serie, <em>La caza de herejes, Los ahorcados de Amboise <\/em>y<em> Los m\u00e1rtires de Wassy<\/em>. Tres cap\u00edtulos para iniciarse en una trama hist\u00f3rica e inevitablemente romantizada que permite captar la atm\u00f3sfera que reinaba en aquellos tiempos oscuros. Muy bien elaborada, a partir de una t\u00e9cnica de gui\u00f3n muy usada \u00faltimamente como es la gran historia, a trav\u00e9s de la peque\u00f1a. Muy al estilo de <em>Los Tres Mosqueteros<\/em>, del maestro Alejandro Dumas y a\u00fan m\u00e1s, de su casi desconocida y s\u00faper recomendable novela <em>La Reina Margot<\/em>. Maravillosa para los amantes de este periodo.<\/p>\n<p align=\"JUSTIFY\">Pronto se acabar\u00e1n los alimentos y las reservas de p\u00f3lvora est\u00e1n casi vac\u00edas. A punto de capitular, el almirante Gaspard de Coligny, encargado de la defensa de la ciudad, pide ayuda a su t\u00edo, el alguacil de Montmorency. Por desgracia, este \u00faltimo es un mal estratega y es capturado. Guerras religiosas que incendiaron todo un pa\u00eds y parte del continente europeo. El cambio de siglo. Personas acostumbradas a nuevas ideas pueden practicar su no adoraci\u00f3n a escondidas, si quieren, pero si estos Protestantes aumentan en n\u00famero y se oponen a la gracia de Dios y para colmo, toman las armas&#8230; En esta atm\u00f3sfera del fin del mundo es donde el caballero Arnaud de Boissac intentar\u00e1 salir del paso. <img loading=\"lazy\" decoding=\"async\" class=\"alignright  wp-image-3648\" src=\"https:\/\/www.cronicasliterarias.es\/wp-content\/uploads\/2021\/02\/losguerrerosdedios04.jpg\" alt=\"\" width=\"104\" height=\"147\" \/>Frecuentando quiz\u00e1s demasiado las tesis del pastor Calvino y buscando la benevolencia de los poderosos, como el Conde de Montsouris y el Duque de Guisa. Pero \u00bfser\u00e1 suficiente?<\/p>\n<p align=\"JUSTIFY\">Philippe Richelle y Pierre Wachs, dos autores de los que me han recomendado much\u00edsimo su serie <em>Les Myst\u00e8res de la Troisi\u00e8me R\u00e9publique (Los Misterios de la Tercera Rep\u00fablica)<\/em>, donde dicen que lo hacen de maravilla. Entonces, a ver. \u00bfPonent Mont? \u00bfM\u00e1s de estos autores, <em>s<\/em><span class=\"VIiyi\" lang=\"fr\"><span class=\"JLqJ4b ChMk0b\" data-language-for-alternatives=\"fr\" data-language-to-translate-into=\"auto\" data-phrase-index=\"0\"><em>&#8216;il vous plait<\/em>?<\/span><\/span><\/p>\n\n\n<p><\/p>\n","protected":false},"excerpt":{"rendered":"<p>Lo importante es, que cuando los propios autores son amantes de la Historia, en su obra normalmente lo van a transmitir muy bien. Y todo va en consonancia. El lector de Los Guerreros de Dios, esta chulada de \u00e1lbumes recopilados que est\u00e1 publicando Ponent Mon, de Philippe Richelle y Pierre Wachs, y del que se [&hellip;]<\/p>\n","protected":false},"author":4,"featured_media":0,"comment_status":"closed","ping_status":"closed","sticky":false,"template":"","format":"standard","meta":{"footnotes":""},"categories":[53,44,74,18,6],"tags":[11,19,10],"class_list":["post-3643","post","type-post","status-publish","format-standard","hentry","category-bd","category-comic-europeo","category-integral","category-ponent-mon","category-resenas","tag-j-j-castillo","tag-ponent-mon","tag-resenas"],"_links":{"self":[{"href":"https:\/\/www.cronicasliterarias.es\/index.php?rest_route=\/wp\/v2\/posts\/3643","targetHints":{"allow":["GET"]}}],"collection":[{"href":"https:\/\/www.cronicasliterarias.es\/index.php?rest_route=\/wp\/v2\/posts"}],"about":[{"href":"https:\/\/www.cronicasliterarias.es\/index.php?rest_route=\/wp\/v2\/types\/post"}],"author":[{"embeddable":true,"href":"https:\/\/www.cronicasliterarias.es\/index.php?rest_route=\/wp\/v2\/users\/4"}],"replies":[{"embeddable":true,"href":"https:\/\/www.cronicasliterarias.es\/index.php?rest_route=%2Fwp%2Fv2%2Fcomments&post=3643"}],"version-history":[{"count":8,"href":"https:\/\/www.cronicasliterarias.es\/index.php?rest_route=\/wp\/v2\/posts\/3643\/revisions"}],"predecessor-version":[{"id":20294,"href":"https:\/\/www.cronicasliterarias.es\/index.php?rest_route=\/wp\/v2\/posts\/3643\/revisions\/20294"}],"wp:attachment":[{"href":"https:\/\/www.cronicasliterarias.es\/index.php?rest_route=%2Fwp%2Fv2%2Fmedia&parent=3643"}],"wp:term":[{"taxonomy":"category","embeddable":true,"href":"https:\/\/www.cronicasliterarias.es\/index.php?rest_route=%2Fwp%2Fv2%2Fcategories&post=3643"},{"taxonomy":"post_tag","embeddable":true,"href":"https:\/\/www.cronicasliterarias.es\/index.php?rest_route=%2Fwp%2Fv2%2Ftags&post=3643"}],"curies":[{"name":"wp","href":"https:\/\/api.w.org\/{rel}","templated":true}]}}