{"id":3703,"date":"2025-12-21T00:05:00","date_gmt":"2025-12-21T00:05:00","guid":{"rendered":"https:\/\/www.cronicasliterarias.es\/?p=3703"},"modified":"2025-12-16T12:27:23","modified_gmt":"2025-12-16T12:27:23","slug":"resena-marvel-must-have-planeta-hulk-de-greg-pak-carlo-pagulayan-y-aaron-lopresti","status":"publish","type":"post","link":"https:\/\/www.cronicasliterarias.es\/?p=3703","title":{"rendered":"Rese\u00f1a: Planeta Hulk"},"content":{"rendered":"<p align=\"JUSTIFY\"><img loading=\"lazy\" decoding=\"async\" class=\"alignleft  wp-image-3707\" src=\"https:\/\/www.cronicasliterarias.es\/wp-content\/uploads\/2021\/02\/planet-hulkCL.jpg\" alt=\"\" width=\"199\" height=\"299\" srcset=\"https:\/\/www.cronicasliterarias.es\/wp-content\/uploads\/2021\/02\/planet-hulkCL.jpg 233w, https:\/\/www.cronicasliterarias.es\/wp-content\/uploads\/2021\/02\/planet-hulkCL-200x300.jpg 200w\" sizes=\"auto, (max-width: 199px) 100vw, 199px\" \/>\u00abLos ni\u00f1os de hoy en d\u00eda son muy listos\u00bb. Una frase recurrente. La dec\u00edmos ahora como padres o abuelos pero tambi\u00e9n la dec\u00edan los padres y abuelos de hace medio siglo, y dir\u00eda que mucho antes. Hace unos a\u00f1os fui con mi hija y mi mujer al estreno en cines de <em>Capit\u00e1n Am\u00e9rica: Civil War<\/em>. No pas\u00f3 mucho tiempo de metraje cuando mi ni\u00f1a me dijo: <em>Pap\u00e1, \u00bfd\u00f3nde est\u00e1 Hulk?<\/em> Acostumbrada desde muy peque\u00f1a a ver pelis de superh\u00e9roes, con una madre que ha leido desde siempre c\u00f3mics y un padre polifriki; ya ella sab\u00eda que faltaba alguien y que si por alguna raz\u00f3n (que en el film comentan muy de pasada), una Civil War significaba que iban a pelearse todos contra todos&#8230; A ella lo que le importaba es que faltaba uno. Y Hulk no estaba. Entonces, le expliqu\u00e9 as\u00ed por encima lo que se escond\u00eda tras ese tema. Aunque en realidad, me hubiera gustado que hubiese sido algo m\u00e1s mayor (\u00bfCinco a\u00f1os m\u00e1s?) y decirle como padre orgulloso: <em>Rubita, es hora de que leas Planet Hulk<\/em>.<\/p>\n<p align=\"JUSTIFY\">Una historia genial y alternativa que Joe Quesada, director editorial de la Marvel de entonces, tuvo claro que Hulk no pod\u00eda estar en la Tierra en el momento en que desencadenase aquella batalla. Era obvio que el bando que contase con el gigante verde, ser\u00eda claro ganador de la contienda. Por supuesto, hablo de c\u00f3mics. Ya sabemos lo chiste que es Hulk en comparaci\u00f3n con otros superh\u00e9roes de la MCU. As\u00ed que fue Quesada qui\u00e9n comenz\u00f3 a mover la maquinaria que sacar\u00eda a Hulk de nuestro planeta para a la postre iniciar con \u00e9l un proceso de reconstrucci\u00f3n del h\u00e9roe m\u00e1s que necesario para adaptar al personaje a la nueva edad de grandeza a la que Quesada estaba llevando a los principales h\u00e9roes de la editorial. Y se pari\u00f3 a<img loading=\"lazy\" decoding=\"async\" class=\"alignright  wp-image-3717\" src=\"https:\/\/www.cronicasliterarias.es\/wp-content\/uploads\/2021\/02\/planet-hulk03.jpg\" alt=\"\" width=\"113\" height=\"138\" \/>s\u00ed toda una saga que recupera Panini C\u00f3mics ahora nuevamente en una colecci\u00f3n en la que sin duda debe estar un guionazo como es <em>Planeta Hulk<\/em>. Un Must-Have en toda regla, uno de los integrales mejor cuadrados que he le\u00eddo de Marvel en mucho tiempo. Donde descubr\u00ed toda una serie de maldades, sobre uno de los personajes que m\u00e1s me han molado de La Casa de las Ideas, precisamente por eso mismo, por ser uno de los m\u00e1s denostados.<\/p>\n<p align=\"JUSTIFY\"><span lang=\"es-ES\">Los Illuminati (un grupo formado por Tony Stark, Reed Richards, Rayo Negro, Namor, y el Dr. Stephen Strange y Charles Xavier) se re\u00fanen para enga\u00f1ar a Hulk y enviarlo lejos de la Tierra ante el enorme conflicto social que se avecina. Pero la decisi\u00f3n de depositar a Hulk en un planeta deshabitado y pac\u00edfico con vida no m\u00e1s inteligente que \u00e9l, se ve truncada cuando la nave espacial es interrumpida por un agujero de gusano, colocando a la mole verde en un violento planeta llamado Sakaar, inmerso en guerra de sociedades. <\/span><span lang=\"es-ES\">El guerrero de piel verde se une r\u00e1pidamente a otros vilipendiados del Universo para sobrevivir en una curiosa arena de gladiadores. Es entonces cuando empieza a despuntar como uno de los mayores enemigos del c\u00e9sar-manda-m\u00e1s de los reinos, el llamado Rey Rojo. Y a<\/span><span lang=\"es-ES\">\u00a0trav\u00e9s de toda una serie de conflictos y problemas, Hulk une todo un planeta matando al tirano regente, a la vez que encuentra un alma gemela y se enamora de la guerrera Caiera. Hulk es el salvador de las especies. Es coronado rey, con Caiera como reina. Pero la paz no dura eternamente, nunca lo hace, el goliat verde ve como los mundos (al igual que su amada Tierra) tarde o temprano, est\u00e1n abocados al desastre, a la aniquilaci\u00f3n interna por los conflictos entre razas, generada por la falta de recursos. Su golpe de estado parece haber dado inicio a la destrucci\u00f3n del planeta Sakaar y a lo que en breve se llamar\u00e1 <em>World War Hulk<\/em> con su regreso a casa\u2026<\/span><\/p>\n<p align=\"JUSTIFY\"><img loading=\"lazy\" decoding=\"async\" class=\"aligncenter  wp-image-3715\" src=\"https:\/\/www.cronicasliterarias.es\/wp-content\/uploads\/2021\/02\/planet-hulk00.jpg\" alt=\"\" width=\"361\" height=\"210\" srcset=\"https:\/\/www.cronicasliterarias.es\/wp-content\/uploads\/2021\/02\/planet-hulk00.jpg 829w, https:\/\/www.cronicasliterarias.es\/wp-content\/uploads\/2021\/02\/planet-hulk00-300x174.jpg 300w, https:\/\/www.cronicasliterarias.es\/wp-content\/uploads\/2021\/02\/planet-hulk00-768x447.jpg 768w\" sizes=\"auto, (max-width: 361px) 100vw, 361px\" \/><\/p>\n<p lang=\"es-ES\" align=\"JUSTIFY\">No existe para\u00edso para Hulk. <span lang=\"es-ES\">Permitidme haber ahondado un poquito bastante en el inicio de esta saga, no lo suelo hacer, pero necesitaba que vierais que aqu\u00ed (de momento) hay muy poco de lo que con los a\u00f1os metieron en Thor: Ragnarok. Un film que gusta por la genial mezcla de comedia y epicidad, pero donde se vuelve a denigrar la verdadera fuerza de La Masa, el Hulk que ha llegado a nuestros d\u00edas, que en los c\u00f3mics todos temen. <\/span><span lang=\"es-ES\">En este <em>Planeta Hulk<\/em> s\u00ed que hay originalidad por los cuatro costados. Puede ser una de las historias de El Bicho, m\u00e1s recomendadas. Y con raz\u00f3n. Perderte en este integral como lo hice yo, no tiene precio. Como igual de alucinante es ver pelear a la mole verde contra Silver Surfer en una arena de gladiadores\u2026<\/span><\/p>\n<p lang=\"es-ES\" align=\"JUSTIFY\"><span lang=\"es-ES\"><img loading=\"lazy\" decoding=\"async\" class=\"alignleft  wp-image-3711\" src=\"https:\/\/www.cronicasliterarias.es\/wp-content\/uploads\/2021\/02\/planet-hulk01.jpg\" alt=\"\" width=\"184\" height=\"124\" srcset=\"https:\/\/www.cronicasliterarias.es\/wp-content\/uploads\/2021\/02\/planet-hulk01.jpg 329w, https:\/\/www.cronicasliterarias.es\/wp-content\/uploads\/2021\/02\/planet-hulk01-300x202.jpg 300w\" sizes=\"auto, (max-width: 184px) 100vw, 184px\" \/>Como os dec\u00eda, l<\/span><span lang=\"es-ES\">os eventos de <em>Planeta Hulk<\/em> contin\u00faan con la ira desatada de la mole verde en <em>World War Hulk<\/em>. Otra aventura que en mi opinici\u00f3n tambi\u00e9n tiene cabida en dicha colecci\u00f3n. Obras que pueden vivir la una sin la otra, pero que se complementan bastante bien<\/span><span lang=\"es-ES\">. As\u00ed que lo<\/span> dicho: he gozado como un cosaco, como un poseso, pues eso: Alta recomendaci\u00f3n. Gloriosa aventura extraterrestre que no debe faltar en ninguna c\u00f3micteca.<\/p>\n","protected":false},"excerpt":{"rendered":"<p>\u00abLos ni\u00f1os de hoy en d\u00eda son muy listos\u00bb. Una frase recurrente. La dec\u00edmos ahora como padres o abuelos pero tambi\u00e9n la dec\u00edan los padres y abuelos de hace medio siglo, y dir\u00eda que mucho antes. Hace unos a\u00f1os fui con mi hija y mi mujer al estreno en cines de Capit\u00e1n Am\u00e9rica: Civil War. [&hellip;]<\/p>\n","protected":false},"author":4,"featured_media":0,"comment_status":"closed","ping_status":"closed","sticky":false,"template":"","format":"standard","meta":{"footnotes":""},"categories":[49,382,28,6],"tags":[11,196,218,10],"class_list":["post-3703","post","type-post","status-publish","format-standard","hentry","category-comics","category-marvel","category-panini-comics","category-resenas","tag-j-j-castillo","tag-must-have","tag-panini-comics-marvel","tag-resenas"],"_links":{"self":[{"href":"https:\/\/www.cronicasliterarias.es\/index.php?rest_route=\/wp\/v2\/posts\/3703","targetHints":{"allow":["GET"]}}],"collection":[{"href":"https:\/\/www.cronicasliterarias.es\/index.php?rest_route=\/wp\/v2\/posts"}],"about":[{"href":"https:\/\/www.cronicasliterarias.es\/index.php?rest_route=\/wp\/v2\/types\/post"}],"author":[{"embeddable":true,"href":"https:\/\/www.cronicasliterarias.es\/index.php?rest_route=\/wp\/v2\/users\/4"}],"replies":[{"embeddable":true,"href":"https:\/\/www.cronicasliterarias.es\/index.php?rest_route=%2Fwp%2Fv2%2Fcomments&post=3703"}],"version-history":[{"count":12,"href":"https:\/\/www.cronicasliterarias.es\/index.php?rest_route=\/wp\/v2\/posts\/3703\/revisions"}],"predecessor-version":[{"id":20139,"href":"https:\/\/www.cronicasliterarias.es\/index.php?rest_route=\/wp\/v2\/posts\/3703\/revisions\/20139"}],"wp:attachment":[{"href":"https:\/\/www.cronicasliterarias.es\/index.php?rest_route=%2Fwp%2Fv2%2Fmedia&parent=3703"}],"wp:term":[{"taxonomy":"category","embeddable":true,"href":"https:\/\/www.cronicasliterarias.es\/index.php?rest_route=%2Fwp%2Fv2%2Fcategories&post=3703"},{"taxonomy":"post_tag","embeddable":true,"href":"https:\/\/www.cronicasliterarias.es\/index.php?rest_route=%2Fwp%2Fv2%2Ftags&post=3703"}],"curies":[{"name":"wp","href":"https:\/\/api.w.org\/{rel}","templated":true}]}}