{"id":3924,"date":"2021-03-11T00:05:00","date_gmt":"2021-03-11T00:05:00","guid":{"rendered":"https:\/\/www.cronicasliterarias.es\/?p=3924"},"modified":"2022-01-31T10:30:52","modified_gmt":"2022-01-31T10:30:52","slug":"resena-marvel-gold-factor-x-de-bob-layton-roger-stern-john-byrne-louise-y-walter-simonson-john-y-sal-buscema-y-vvaa","status":"publish","type":"post","link":"https:\/\/www.cronicasliterarias.es\/?p=3924","title":{"rendered":"Rese\u00f1a: Factor-X, de Bob Layton, Roger Stern, John Byrne, Louise y Walter Simonson, John y Sal Buscema y VVAA"},"content":{"rendered":"<p align=\"JUSTIFY\"><img loading=\"lazy\" decoding=\"async\" class=\"alignright  wp-image-3926\" src=\"https:\/\/www.cronicasliterarias.es\/wp-content\/uploads\/2021\/03\/FactorXCL.jpg\" alt=\"\" width=\"241\" height=\"367\" srcset=\"https:\/\/www.cronicasliterarias.es\/wp-content\/uploads\/2021\/03\/FactorXCL.jpg 232w, https:\/\/www.cronicasliterarias.es\/wp-content\/uploads\/2021\/03\/FactorXCL-197x300.jpg 197w\" sizes=\"auto, (max-width: 241px) 100vw, 241px\" \/>Hay quien dice que los mutantes de Chris Claremont y tal, pero yo los primeros c\u00f3mics que le\u00ed y disfrut\u00e9 de mutantes fue <em>Factor-X<\/em>. Recuerdo adem\u00e1s haber pillado espor\u00e1dicamente una grapa (la n\u00famero 1) que curiosamente ten\u00eda la misma portada que este maravilloso primer integral de <em>Factor-X<\/em> del que os vengo a hablar. Os puedo decir que unos de los Marvel Gold m\u00e1s esperados por mis amigos y por m\u00ed, ahora que todos aquellos grandes c\u00f3mics que nos hicieron felices entre los 80 y principios de los 90, se van recopilando poco a poco en tapa dura en nuestro pa\u00eds. Y encima Panini C\u00f3mics haci\u00e9ndonos un gui\u00f1o al aficionado sacando la misma cover que da pie al primer tochal de la cabecera del grupo m\u00e1s cl\u00e1sico de mutantes, y dir\u00eda que el m\u00e1s querido y compenetrado de todos. De nuevo, juntos y revueltos. Un regreso que a muchos nos pon\u00eda la piel de de gallina pues Factor-X no es otra cosa que La Patrulla-X original volviendo a unirse despu\u00e9s de que Jean Grey regrese de entre los muertos. Anunciado como un nuevo grupo mutante entonces, pero en definitiva era como volver a ver a Los Beattles juntos de nuevo.<\/p>\n<p align=\"JUSTIFY\">Empezando con las previas -algo que hace muy bien Panini en estos tomos-, tenemos c\u00f3mics como <em>\u00bfQui\u00e9n acecha ah\u00ed abajo? (The Avengers #263)<\/em>, que hace de inicio y v\u00ednculo, adem\u00e1s de ser la primera misi\u00f3n de Namor con Los Vengadores. Ellos descubren el misterio, o hablando en plata, lo que pas\u00f3 realmente y donde est\u00e1 Jean Grey despu\u00e9s de aquel doloroso estallido final. Le sigue el <em>Fantasic Four #286<\/em> que de alg\u00fan modo contin\u00faa lo anteriormente contado: el Capit\u00e1n Am\u00e9rica en su <img loading=\"lazy\" decoding=\"async\" class=\"alignleft  wp-image-3927\" src=\"https:\/\/www.cronicasliterarias.es\/wp-content\/uploads\/2021\/03\/FactorX02-192x300.jpg\" alt=\"\" width=\"148\" height=\"232\" srcset=\"https:\/\/www.cronicasliterarias.es\/wp-content\/uploads\/2021\/03\/FactorX02-192x300.jpg 192w, https:\/\/www.cronicasliterarias.es\/wp-content\/uploads\/2021\/03\/FactorX02.jpg 242w\" sizes=\"auto, (max-width: 148px) 100vw, 148px\" \/>investigaci\u00f3n, encontrando a una mujer misteriosa en una c\u00e1psula bajo la bah\u00eda jamaicana&#8230;<\/p>\n<p align=\"JUSTIFY\">Pasamos entonces a la le\u00f1a. A la mandanga de la buena. A <em>Tercera G\u00e9nesis<\/em>. El primer n\u00famero que os dec\u00eda antes y que da paso a la serie original llamada <em>Factor-X<\/em> de la que este volumen contiene nada m\u00e1s y nada menos que los primeros diecis\u00e9is n\u00fameros. Con los geniales creadores Bob Layton, Roger Stern, John Byrne, Louise y Walter Simonson, John y Sal Buscema, y otros muchos otros d\u00e1ndolo todo. Donde C\u00edclope, La Chica Maravillosa, La Bestia, El \u00c1ngel y El Hombre de Hielo ya no son estudiantes de la Escuela para J\u00f3venes Talentos de Charles Xavier. Ahora estos cinco amigos, continuar\u00e1n el sue\u00f1o del Profesor-X de que los humanos y los mutantes vivan juntos como especie. O eso intentan. Entonces, hag\u00e1monos pasar por cazadores de mutantes y traigamos mutantes en secreto para comenzar a entrenarlos sobre c\u00f3mo usar sus poderes. Un comienzo algo suave pero al menos, la serie comenzaba con intenciones sinceras. Y as\u00ed van encontrando mutantes incapaces de controlar sus poderes, desarroll\u00e1ndose un elenco de personajes alrededor del equipo que mola bastante. Por supuesto, aprovechando ese mismo gusanillo de inicio que tanto gust\u00f3 a los fans en<em> La Imposible Patrulla-X<\/em>, de Chris Claremont.<\/p>\n<p align=\"JUSTIFY\"><img loading=\"lazy\" decoding=\"async\" class=\"alignright size-thumbnail wp-image-3929\" src=\"https:\/\/www.cronicasliterarias.es\/wp-content\/uploads\/2021\/03\/FactorX04-150x150.jpg\" alt=\"\" width=\"150\" height=\"150\" srcset=\"https:\/\/www.cronicasliterarias.es\/wp-content\/uploads\/2021\/03\/FactorX04-150x150.jpg 150w, https:\/\/www.cronicasliterarias.es\/wp-content\/uploads\/2021\/03\/FactorX04-90x90.jpg 90w\" sizes=\"auto, (max-width: 150px) 100vw, 150px\" \/>Pero una vez que has sido un hombre X, eres un X-Man de por vida. Lo que significa que ser\u00e1s absorbido por cualquier historia en curso que est\u00e9 ocurriendo alrededor de todo mutante. \u00bfQu\u00e9 quiero decir con esto? En este caso, los Factor-X se encuentran justo en medio de la Masacre de Mutantes, mientras los Merodeadores hacen estragos en los t\u00faneles Morlocks. \u00c1ngel es inmovilizado en una pared por Arp\u00f3n (Harpoon), mientras trataba de defender a Artie (<em>X-Factor #10<\/em>), y debido a las extensas lesiones e infecciones, los m\u00e9dicos se ven obligados a amputar las alas a Warren&#8230; (<em>X-Factor #14<\/em>), cosa que te lleva a un final que te deja \u00abcatacroker\u00bb casi paralizado el coraz\u00f3n. Y los anti-spoilers (estamos hablando de una serie de finales de los 80, oiga), ahora me dir\u00e9is: \u00abT\u00fa que casi nunca sueltas prenda, \u00bfa qu\u00e9 viene contarnos todo esto?\u00bb. Muy simple, my friends, para que ve\u00e1is el nivel de poder\u00edo, la potencia emocinal que aqu\u00ed ten\u00eda casi cada numerito de la serie. Una que ning\u00fan amante -no de mutantes sino de Marvel-, jam\u00e1s deber\u00eda perderse.<\/p>\n<p align=\"JUSTIFY\"><em>Factor-X: \u00a1Bautismo de Fuego!<\/em> es en esencia n\u00fameros atractivos, fuerte carga emocional en sus guiones y dibujazo grande dentro del mundo del pijameo. Me hace gracia que en la propia portada Panini C\u00f3mics nos contesta en forma de tweet: \u00a1Porque lo hab\u00e9is pedido, el dram\u00e1tico regreso de La Patrulla-X original!.<\/p>\n<p align=\"JUSTIFY\">Insisto: \u00bfQu\u00e9 hace que este primer volumen <img loading=\"lazy\" decoding=\"async\" class=\"alignleft size-medium wp-image-3930\" src=\"https:\/\/www.cronicasliterarias.es\/wp-content\/uploads\/2021\/03\/FactorX05-158x300.jpg\" alt=\"\" width=\"158\" height=\"300\" srcset=\"https:\/\/www.cronicasliterarias.es\/wp-content\/uploads\/2021\/03\/FactorX05-158x300.jpg 158w, https:\/\/www.cronicasliterarias.es\/wp-content\/uploads\/2021\/03\/FactorX05.jpg 222w\" sizes=\"auto, (max-width: 158px) 100vw, 158px\" \/>sea esencial para tu c\u00f3micteca? Muy f\u00e1cil otra vez. Hablamos de los X-Men originales reunidos de nuevo, esos que ocupan un lugar especial en el coraz\u00f3n de muchos. Fueron los primeros y verlos reunidos y entre las novedades de cualquier librer\u00eda especializada, es un momento emocionante para cualquier lector de c\u00f3mics que se precie. Sobre todo, para todo aquel que no dispon\u00eda de esta colecci\u00f3n. Grandes autores, consagrados ya el 90% de los que aparecen, trabajando en conjunto para que los mutantes m\u00e1s poderosos volvieran a funcionar. \u00bfOs imagin\u00e1is una serie de TV con los mejores actores, guionistas y directores del momento? Este Marvel Gold es eso en formato c\u00f3mic.<\/p>\n<p align=\"JUSTIFY\">La historia de <em>En Sabah Nur<\/em> comienza aqu\u00ed. Y en nada llegar\u00e1 Apocalipsis para ponerlos a todos mirando pa\u00b4Cuenca&#8230;<\/p>\n","protected":false},"excerpt":{"rendered":"<p>Hay quien dice que los mutantes de Chris Claremont y tal, pero yo los primeros c\u00f3mics que le\u00ed y disfrut\u00e9 de mutantes fue Factor-X. Recuerdo adem\u00e1s haber pillado espor\u00e1dicamente una grapa (la n\u00famero 1) que curiosamente ten\u00eda la misma portada que este maravilloso primer integral de Factor-X del que os vengo a hablar. Os puedo [&hellip;]<\/p>\n","protected":false},"author":4,"featured_media":0,"comment_status":"closed","ping_status":"closed","sticky":false,"template":"","format":"standard","meta":{"footnotes":""},"categories":[49,74,28,6],"tags":[58,11,301,21,10],"class_list":["post-3924","post","type-post","status-publish","format-standard","hentry","category-comics","category-integral","category-panini-comics","category-resenas","tag-indispensables-comics","tag-j-j-castillo","tag-marvel-gold","tag-panini-comics","tag-resenas"],"_links":{"self":[{"href":"https:\/\/www.cronicasliterarias.es\/index.php?rest_route=\/wp\/v2\/posts\/3924","targetHints":{"allow":["GET"]}}],"collection":[{"href":"https:\/\/www.cronicasliterarias.es\/index.php?rest_route=\/wp\/v2\/posts"}],"about":[{"href":"https:\/\/www.cronicasliterarias.es\/index.php?rest_route=\/wp\/v2\/types\/post"}],"author":[{"embeddable":true,"href":"https:\/\/www.cronicasliterarias.es\/index.php?rest_route=\/wp\/v2\/users\/4"}],"replies":[{"embeddable":true,"href":"https:\/\/www.cronicasliterarias.es\/index.php?rest_route=%2Fwp%2Fv2%2Fcomments&post=3924"}],"version-history":[{"count":8,"href":"https:\/\/www.cronicasliterarias.es\/index.php?rest_route=\/wp\/v2\/posts\/3924\/revisions"}],"predecessor-version":[{"id":8501,"href":"https:\/\/www.cronicasliterarias.es\/index.php?rest_route=\/wp\/v2\/posts\/3924\/revisions\/8501"}],"wp:attachment":[{"href":"https:\/\/www.cronicasliterarias.es\/index.php?rest_route=%2Fwp%2Fv2%2Fmedia&parent=3924"}],"wp:term":[{"taxonomy":"category","embeddable":true,"href":"https:\/\/www.cronicasliterarias.es\/index.php?rest_route=%2Fwp%2Fv2%2Fcategories&post=3924"},{"taxonomy":"post_tag","embeddable":true,"href":"https:\/\/www.cronicasliterarias.es\/index.php?rest_route=%2Fwp%2Fv2%2Ftags&post=3924"}],"curies":[{"name":"wp","href":"https:\/\/api.w.org\/{rel}","templated":true}]}}