{"id":3987,"date":"2024-07-12T00:05:00","date_gmt":"2024-07-12T00:05:00","guid":{"rendered":"https:\/\/www.cronicasliterarias.es\/?p=3987"},"modified":"2024-07-12T13:09:34","modified_gmt":"2024-07-12T13:09:34","slug":"resena-dcsos-de-tom-taylor-trevor-hairsine-stefano-gaudiano-laura-braga-darick-robertson-y-vvaa","status":"publish","type":"post","link":"https:\/\/www.cronicasliterarias.es\/?p=3987","title":{"rendered":"Rese\u00f1a: DCSos, de Tom Taylor y Trevor Hairsine"},"content":{"rendered":"<p align=\"JUSTIFY\"><img loading=\"lazy\" decoding=\"async\" class=\"alignright size-medium wp-image-16710\" src=\"https:\/\/www.cronicasliterarias.es\/wp-content\/uploads\/2024\/08\/dcsos-194x300.jpg\" alt=\"\" width=\"194\" height=\"300\" srcset=\"https:\/\/www.cronicasliterarias.es\/wp-content\/uploads\/2024\/08\/dcsos-194x300.jpg 194w, https:\/\/www.cronicasliterarias.es\/wp-content\/uploads\/2024\/08\/dcsos.jpg 661w\" sizes=\"auto, (max-width: 194px) 100vw, 194px\" \/><em>DCSos<\/em> es lo que se ha dado en llamar una historia de evento significativa. Dentro del Universo DC, brinda un viaje emocional desde el principio. ECC Ediciones recopila esta miniserie de seis n\u00fameros en un solo tomo en tapa dura, como he dicho en las \u00faltimas semanas: la forma de disfrutar estas obras recopiladas est\u00e1 en ti. La posibilidad de seguir leyendo cuando quieras.<\/p>\n<p align=\"JUSTIFY\">En <em>DCSos<\/em>, el equipo de Tom Taylor y Trevor Hairsine no se reprimen en darnos golpes de los duros, ya que en esta historia ning\u00fan superh\u00e9roe va a estar a salvo de la Ecuaci\u00f3n de la Antivida; un virus que ha continuado extendi\u00e9ndose por la Tierra, un miedo muy actual para todos nosotros por la situaci\u00f3n que justo hoy hace un a\u00f1o empezamos a vivir. Pero el tema central de <em>DCSos<\/em> se define con la impactante frase:<\/p>\n<p style=\"text-align: center;\" align=\"JUSTIFY\"><strong>La Muerte ha llegado al Universo DC<\/strong><\/p>\n<p align=\"JUSTIFY\">Y as\u00ed comienzas\/entras en una historia bastante g\u00f3tica, que tiene su fase de horror en un virus mortal que se extiende por nuestro planeta pero cuya principal cualidad es que quien se infecta se vuelve un man\u00edaco homicida. La pregunta es entonces: \u00bfQu\u00e9 va a hacer La Liga de la Justicia en una situaci\u00f3n as\u00ed? Pero antes de profundizar demasiado en la rese\u00f1a, aclaremos qu\u00e9 no es<em> DCSos<\/em>. No es <em>La Noche M\u00e1s Oscura<\/em> ni tampoco un <em>Marvel Zombies<\/em>. Aquellas historias ten\u00edan su sitio en un Diagrama de Venn de superh\u00e9roes con terror. <em>DCSos<\/em> es algo diferente. Lo veo m\u00e1s como un <em>28 d\u00edas despu\u00e9s<\/em> mezclado con <em>The Cell<\/em>, de Stephen King, por el nivel de alerta que propone. Os adelanto que es un virus extraterrestre, un virus que viene de Apokolips; debo admitir que soy muy fan de Los Nuevos Dioses y todo lo que a ellos concierne. Esos dioses que son retratados en la Tierra m\u00e1s como <img loading=\"lazy\" decoding=\"async\" class=\"alignleft  wp-image-3991\" src=\"https:\/\/www.cronicasliterarias.es\/wp-content\/uploads\/2021\/03\/DCsos02-150x150.jpg\" alt=\"\" width=\"127\" height=\"127\" srcset=\"https:\/\/www.cronicasliterarias.es\/wp-content\/uploads\/2021\/03\/DCsos02-150x150.jpg 150w, https:\/\/www.cronicasliterarias.es\/wp-content\/uploads\/2021\/03\/DCsos02-449x450.jpg 449w, https:\/\/www.cronicasliterarias.es\/wp-content\/uploads\/2021\/03\/DCsos02-90x90.jpg 90w\" sizes=\"auto, (max-width: 127px) 100vw, 127px\" \/>monstruos que otra cosa. Darkseid cree que ha encontrado la otra mitad de esta ecuaci\u00f3n, sin embargo, ha creado algo mucho peor&#8230;<\/p>\n<p align=\"JUSTIFY\">Los resultados de este virus son horribles.<\/p>\n<p align=\"JUSTIFY\">Para colmo los ilustradores Trevor Hairsine, Stefano Gaudiano y James Harren muestran los efectos catastr\u00f3ficos de la enfermedad de la forma m\u00e1s dolorosa posible. Los infectados se rascan profundamente las heridas de sus caras como si estuvieran tratando de sacar la enfermedad que devasta su cerebro. Hay una mirada de dolor confuso que r\u00e1pidamente se convierte en puta locura cuando prestan atenci\u00f3n a transe\u00fantes que pasan cerca. Destacan en estas tomas, la sangre. El colorista Rain Beredo salpica las p\u00e1ginas con una mezcla de rojo sangre con el derramamiento de la podrida oscura y seca que lo vuelve espectacular. Al principio, la narraci\u00f3n te va entrando como extractos de una noticia. Una presentaci\u00f3n muy pr\u00e1ctica y muy de cine apocal\u00edptico. Pero esto contrasta con la acci\u00f3n \u201cin media res\u201d de los dibujos a los que tus ojos no paran de irse para disfrutar de los gr\u00e1ficos desde el primer momento.<\/p>\n<p align=\"JUSTIFY\">Im\u00e1genes violentas por p\u00e1gina. Algo m\u00e1s adelante en la trama, mola ver en Nueva York a supervivientes viendo como se les acerca ALGO desde el cielo&#8230; Espectacular. Incluso la forma en que Superman pilla el virus despu\u00e9s de derrotar al Flash infectado que est\u00e1 arrasando la Tierra, duele un poquito en el coraz\u00f3n. Impacta, porque todo se convierte en <img loading=\"lazy\" decoding=\"async\" class=\"alignright  wp-image-3992\" src=\"https:\/\/www.cronicasliterarias.es\/wp-content\/uploads\/2021\/03\/DCSOS-portada-300x174.png\" alt=\"\" width=\"234\" height=\"136\" srcset=\"https:\/\/www.cronicasliterarias.es\/wp-content\/uploads\/2021\/03\/DCSOS-portada-300x174.png 300w, https:\/\/www.cronicasliterarias.es\/wp-content\/uploads\/2021\/03\/DCSOS-portada-768x445.png 768w, https:\/\/www.cronicasliterarias.es\/wp-content\/uploads\/2021\/03\/DCSOS-portada.png 820w\" sizes=\"auto, (max-width: 234px) 100vw, 234px\" \/>delirio cuando el Superman de la Antivida comienza a causar estragos en todo el planeta. Un tomo en el que te llevas todo el rato pregunt\u00e1ndote en qu\u00e9 deparar\u00e1 todo, no ves un final l\u00f3gico, uno que te vaya a gustar, en especial, en c\u00f3mo responder\u00e1n ciertos h\u00e9roes del Universo DC liderados por Wonder Woman (ah\u00ed lo dejo). \u00bfY c\u00f3mo no seguirla?<\/p>\n<p align=\"JUSTIFY\">Os contar\u00e9 un secreto. Llam\u00f3 mucho mi atenci\u00f3n la miniserie de <em>DCSos<\/em> por que en USA fue una serie que durante un tiempo fue objeto de burlas. Y bien sea por experimentar por mi mismo las cosas que otros critican, o por mi tercer profesi\u00f3n como Abogado del Diablo, esper\u00e9 a que en espa\u00f1ol estuviera disponible en el formato deseable para ponerme con <em>DCSos<\/em>. La ten\u00eda guardada en uno de los cajones de mi cerebro de \u00abCosas por las que Pasar Alg\u00fan D\u00eda\u00bb. Y que ni decir tiene que el gusto que da quitarle la raz\u00f3n a muchos es relajante como poco.<\/p>\n<p align=\"JUSTIFY\">Me gust\u00f3 ver que el guionista Tom Taylor expone los or\u00edgenes de este virus de manera muy clara, enfrentando a La Liga de la Justicia a algo que no pueden simplemente golpear o arrojar al Sol. <em>DCSos<\/em> trae el horror a DC y pone en <img loading=\"lazy\" decoding=\"async\" class=\"alignleft  wp-image-3993\" src=\"https:\/\/www.cronicasliterarias.es\/wp-content\/uploads\/2021\/03\/DCsos01-300x231.jpg\" alt=\"\" width=\"188\" height=\"145\" srcset=\"https:\/\/www.cronicasliterarias.es\/wp-content\/uploads\/2021\/03\/DCsos01-300x231.jpg 300w, https:\/\/www.cronicasliterarias.es\/wp-content\/uploads\/2021\/03\/DCsos01-1024x788.jpg 1024w, https:\/\/www.cronicasliterarias.es\/wp-content\/uploads\/2021\/03\/DCsos01-768x591.jpg 768w, https:\/\/www.cronicasliterarias.es\/wp-content\/uploads\/2021\/03\/DCsos01.jpg 1280w\" sizes=\"auto, (max-width: 188px) 100vw, 188px\" \/>grave situaci\u00f3n a todo un planeta. Ahora, un a\u00f1o despu\u00e9s de tanto sufrimiento del que a\u00fan no hemos salido, ya no hay burlas de que algo as\u00ed pueda ocurrirnos, \u00bfno? Mmmmm&#8230;<\/p>\n<p align=\"JUSTIFY\">Pues todo esto ahora disponible a diez pavitos en una genial edici\u00f3n pocket.<\/p>\n","protected":false},"excerpt":{"rendered":"<p>DCSos es lo que se ha dado en llamar una historia de evento significativa. Dentro del Universo DC, brinda un viaje emocional desde el principio. ECC Ediciones recopila esta miniserie de seis n\u00fameros en un solo tomo en tapa dura, como he dicho en las \u00faltimas semanas: la forma de disfrutar estas obras recopiladas est\u00e1 [&hellip;]<\/p>\n","protected":false},"author":4,"featured_media":0,"comment_status":"closed","ping_status":"closed","sticky":false,"template":"","format":"standard","meta":{"footnotes":""},"categories":[49,29,6],"tags":[321,73,11,10],"class_list":["post-3987","post","type-post","status-publish","format-standard","hentry","category-comics","category-ecc-ediciones","category-resenas","tag-dc-pocket","tag-ecc-ediciones-dc-comics","tag-j-j-castillo","tag-resenas"],"_links":{"self":[{"href":"https:\/\/www.cronicasliterarias.es\/index.php?rest_route=\/wp\/v2\/posts\/3987","targetHints":{"allow":["GET"]}}],"collection":[{"href":"https:\/\/www.cronicasliterarias.es\/index.php?rest_route=\/wp\/v2\/posts"}],"about":[{"href":"https:\/\/www.cronicasliterarias.es\/index.php?rest_route=\/wp\/v2\/types\/post"}],"author":[{"embeddable":true,"href":"https:\/\/www.cronicasliterarias.es\/index.php?rest_route=\/wp\/v2\/users\/4"}],"replies":[{"embeddable":true,"href":"https:\/\/www.cronicasliterarias.es\/index.php?rest_route=%2Fwp%2Fv2%2Fcomments&post=3987"}],"version-history":[{"count":11,"href":"https:\/\/www.cronicasliterarias.es\/index.php?rest_route=\/wp\/v2\/posts\/3987\/revisions"}],"predecessor-version":[{"id":16713,"href":"https:\/\/www.cronicasliterarias.es\/index.php?rest_route=\/wp\/v2\/posts\/3987\/revisions\/16713"}],"wp:attachment":[{"href":"https:\/\/www.cronicasliterarias.es\/index.php?rest_route=%2Fwp%2Fv2%2Fmedia&parent=3987"}],"wp:term":[{"taxonomy":"category","embeddable":true,"href":"https:\/\/www.cronicasliterarias.es\/index.php?rest_route=%2Fwp%2Fv2%2Fcategories&post=3987"},{"taxonomy":"post_tag","embeddable":true,"href":"https:\/\/www.cronicasliterarias.es\/index.php?rest_route=%2Fwp%2Fv2%2Ftags&post=3987"}],"curies":[{"name":"wp","href":"https:\/\/api.w.org\/{rel}","templated":true}]}}