{"id":4129,"date":"2021-03-21T00:05:00","date_gmt":"2021-03-21T00:05:00","guid":{"rendered":"https:\/\/www.cronicasliterarias.es\/?p=4129"},"modified":"2021-09-23T08:53:05","modified_gmt":"2021-09-23T08:53:05","slug":"resena-corto-maltes-en-siberia-de-hugo-pratt","status":"publish","type":"post","link":"https:\/\/www.cronicasliterarias.es\/?p=4129","title":{"rendered":"Rese\u00f1a: Corto Malt\u00e9s en Siberia, de Hugo Pratt"},"content":{"rendered":"<p align=\"JUSTIFY\"><img loading=\"lazy\" decoding=\"async\" class=\"alignright  wp-image-4131\" src=\"https:\/\/www.cronicasliterarias.es\/wp-content\/uploads\/2021\/03\/Corto-Maltes-en-SiberiaCL.jpg\" alt=\"\" width=\"335\" height=\"446\" srcset=\"https:\/\/www.cronicasliterarias.es\/wp-content\/uploads\/2021\/03\/Corto-Maltes-en-SiberiaCL.jpg 495w, https:\/\/www.cronicasliterarias.es\/wp-content\/uploads\/2021\/03\/Corto-Maltes-en-SiberiaCL-225x300.jpg 225w\" sizes=\"auto, (max-width: 335px) 100vw, 335px\" \/>Una de las aventuras que m\u00e1s me ha impactado de Corto. Luego, me entero que es de las consideradas de culto. Este viaje a Asia alterna entre acci\u00f3n y encuentros con numerosos y carism\u00e1ticos personajes, en particular, con Rasput\u00edn (mi favorito), obra donde se percibe claramente que Hugo Pratt estaba entonces en la cima de su carrera. Su dibujo es magn\u00edfico y algunos planos son simplemente joyas de la ilustraci\u00f3n.<\/p>\n<p align=\"JUSTIFY\">Norma Editorial reci\u00e9n edita este titulo del marino\/detective cl\u00e1sico. <em>Corto Malt\u00e9s en Siberia<\/em> rastrea el viaje de Corto, entre 1919 y 1920, que le llev\u00f3 desde Hong Kong a la tundra siberiana, pasando por Manchuria y Mongolia, con la idea de apoderarse del tesoro imperial ruso que llevaba oculto un famoso tren blindado. Una aventura llena de giros o vueltas de tuerca, rica en sorpresas al lector y con personajes importantes en primer plano. Un \u00e1lbum trepidante donde la acci\u00f3n es omnipresente. Muchas escenas \u00e9picas (los ataques del tren), h\u00e9roes extraordinarios (Baron von Ungern-Sternberg, Changa\u00ef Li, Duchess Marina S\u00e9minova&#8230;), paisajes soberbios, humor (gracias a Rasput\u00edn): en resumen, una de las aventuras indispensables, de las mejores (para m\u00ed la mejor) de la colecci\u00f3n de Corto Malt\u00e9s.<\/p>\n<p align=\"JUSTIFY\"><img loading=\"lazy\" decoding=\"async\" class=\"alignleft size-medium wp-image-4133\" src=\"https:\/\/www.cronicasliterarias.es\/wp-content\/uploads\/2021\/03\/Corto-Maltes-en-Siberia01-300x150.jpeg\" alt=\"\" width=\"300\" height=\"150\" srcset=\"https:\/\/www.cronicasliterarias.es\/wp-content\/uploads\/2021\/03\/Corto-Maltes-en-Siberia01-300x150.jpeg 300w, https:\/\/www.cronicasliterarias.es\/wp-content\/uploads\/2021\/03\/Corto-Maltes-en-Siberia01.jpeg 680w\" sizes=\"auto, (max-width: 300px) 100vw, 300px\" \/>Pese a mis halagos, mi tito americano (este que os cuento que me instruy\u00f3\/instruye en c\u00f3mic europeo), me dijo una vez: \u00ab\u00a1No es el mejor Corto para m\u00ed! Demasiados personajes y nombres diferentes que hace que sea bastante dif\u00edcil de entender la historia\u00bb. No estoy nada de acuerdo. Los dise\u00f1os son chul\u00edsimos y respecto al enorme elenco&#8230; \u00bfOs parece lioso <em>Juego de Tronos<\/em> pese a la cantidad de personajes que tiene? El que haya le\u00eddo los libros, dir\u00e1 que para nada. En las obras bien escritas y descritas, esto se lleva bien. Cuando algo es interesante para ti provoca que te inmiscuyas y te guste cada detalle. Y los toques de humor entre Corto y Rasput\u00edn en este \u00e1lbum son delirantes. Y en eso mi tito me tuvo que dar la raz\u00f3n.<\/p>\n<p align=\"JUSTIFY\">A trav\u00e9s de una regi\u00f3n devastada por la guerra y la violencia (noreste de Asia), Corto Malt\u00e9s vive una aventura donde se entrelazan disparos, cuchilladas y m\u00e1s disparos. Donde hacen su aparici\u00f3n personajes at\u00edpicos, llenos algunos de crueldad y otros de romanticismo. El m\u00e1s extra\u00f1o, el del bar\u00f3n Von Ungern-Stenberg, el m\u00e1s extra\u00f1o de todos por ser <img loading=\"lazy\" decoding=\"async\" class=\"alignright size-medium wp-image-4136\" src=\"https:\/\/www.cronicasliterarias.es\/wp-content\/uploads\/2021\/03\/Corto-Maltes-en-Siberia04-300x177.jpeg\" alt=\"\" width=\"300\" height=\"177\" srcset=\"https:\/\/www.cronicasliterarias.es\/wp-content\/uploads\/2021\/03\/Corto-Maltes-en-Siberia04-300x177.jpeg 300w, https:\/\/www.cronicasliterarias.es\/wp-content\/uploads\/2021\/03\/Corto-Maltes-en-Siberia04.jpeg 575w\" sizes=\"auto, (max-width: 300px) 100vw, 300px\" \/>un personaje hist\u00f3rico real. Que insisto, muestra la crueldad del hombre y el caos de toda una regi\u00f3n, pero sobre todo la codicia bien descrita en el que es, en mi opini\u00f3n, el mejor \u00e1lbum de la serie le\u00eddo hasta ahora.<\/p>\n<p align=\"JUSTIFY\">Tras <em>Las C\u00e9lticas <\/em><span style=\"font-family: Times New Roman, serif;\">(<em><strong><a href=\"https:\/\/www.cronicasliterarias.es\/?p=1844\">https:\/\/www.cronicasliterarias.es\/?p=1844<\/a><\/strong><\/em>),<\/span> llega el correspondiente sexto titulo de esta gran colecci\u00f3n que -y esto es algo que digo mucho por que no todo el mundo lo sabe-, son \u00e1lbumes totalmente independientes. Un c\u00f3mic que nadie deber\u00eda perderse ahora que Norma Editorial est\u00e1 recuperando en orden cronol\u00f3gico todas las aventuras del gran cl\u00e1sico de Hugo Pratt. Todo un hito del noveno arte disponible ahora en dos espectaculares ediciones a color y en blanco y negro. T\u00fa decides.<\/p>\n<p align=\"JUSTIFY\"><em>Corto Malt\u00e9s en Siberia<\/em> es una obra maestra y una pieza clave en la biograf\u00eda del marinero de Malta. Un \u00e1lbum grandioso, una aventura magn\u00edficamente contada donde se nos traslada de forma magistral a la frontera entre China y Rusia, una Rusia sacudida por las convulsiones del proceso revolucionario que est\u00e1 acabando con el imperio de los zares.<\/p>\n<p align=\"JUSTIFY\"><img loading=\"lazy\" decoding=\"async\" class=\"aligncenter  wp-image-4135\" src=\"https:\/\/www.cronicasliterarias.es\/wp-content\/uploads\/2021\/03\/Corto-Maltes-en-Siberia03.jpeg\" alt=\"\" width=\"678\" height=\"230\" srcset=\"https:\/\/www.cronicasliterarias.es\/wp-content\/uploads\/2021\/03\/Corto-Maltes-en-Siberia03.jpeg 1021w, https:\/\/www.cronicasliterarias.es\/wp-content\/uploads\/2021\/03\/Corto-Maltes-en-Siberia03-300x102.jpeg 300w, https:\/\/www.cronicasliterarias.es\/wp-content\/uploads\/2021\/03\/Corto-Maltes-en-Siberia03-768x260.jpeg 768w\" sizes=\"auto, (max-width: 678px) 100vw, 678px\" \/><\/p>\n<p align=\"JUSTIFY\">Cuentan que la importancia de la representaci\u00f3n de los trenes en esta historia lleva al autor a buscar la ayuda de su amigo, el dise\u00f1ador Guido Fuga, que tambi\u00e9n era responsable del dise\u00f1o de aviones y armas pesadas. Esta primera colaboraci\u00f3n, ser\u00e1 seguida por muchas otras para los siguientes \u00e1lbumes&#8230; Y es que <em>Corto Malt\u00e9s en Siberia<\/em> se centra de alg\u00fan modo en la abdicaci\u00f3n (15 de marzo de 1917) del zar Nicol\u00e1s II, cuando Lenin y Trotsky derrocaron al actual gobierno con la famosa Revoluci\u00f3n que estudiamos en los libros de Historia. Un periodo movido que removi\u00f3 los cimientos de toda Europa y donde tuvieron lugar (seguramente) hechos como los que se cuentan en este volumen.<\/p>\n","protected":false},"excerpt":{"rendered":"<p>Una de las aventuras que m\u00e1s me ha impactado de Corto. Luego, me entero que es de las consideradas de culto. Este viaje a Asia alterna entre acci\u00f3n y encuentros con numerosos y carism\u00e1ticos personajes, en particular, con Rasput\u00edn (mi favorito), obra donde se percibe claramente que Hugo Pratt estaba entonces en la cima de [&hellip;]<\/p>\n","protected":false},"author":4,"featured_media":0,"comment_status":"closed","ping_status":"closed","sticky":false,"template":"","format":"standard","meta":{"footnotes":""},"categories":[44,30,6],"tags":[259,194,11,22,10],"class_list":["post-4129","post","type-post","status-publish","format-standard","hentry","category-comic-europeo","category-norma-editorial","category-resenas","tag-biblioteca-corto-maltes","tag-comic-europeo-2021","tag-j-j-castillo","tag-norma-editorial","tag-resenas"],"_links":{"self":[{"href":"https:\/\/www.cronicasliterarias.es\/index.php?rest_route=\/wp\/v2\/posts\/4129","targetHints":{"allow":["GET"]}}],"collection":[{"href":"https:\/\/www.cronicasliterarias.es\/index.php?rest_route=\/wp\/v2\/posts"}],"about":[{"href":"https:\/\/www.cronicasliterarias.es\/index.php?rest_route=\/wp\/v2\/types\/post"}],"author":[{"embeddable":true,"href":"https:\/\/www.cronicasliterarias.es\/index.php?rest_route=\/wp\/v2\/users\/4"}],"replies":[{"embeddable":true,"href":"https:\/\/www.cronicasliterarias.es\/index.php?rest_route=%2Fwp%2Fv2%2Fcomments&post=4129"}],"version-history":[{"count":8,"href":"https:\/\/www.cronicasliterarias.es\/index.php?rest_route=\/wp\/v2\/posts\/4129\/revisions"}],"predecessor-version":[{"id":6771,"href":"https:\/\/www.cronicasliterarias.es\/index.php?rest_route=\/wp\/v2\/posts\/4129\/revisions\/6771"}],"wp:attachment":[{"href":"https:\/\/www.cronicasliterarias.es\/index.php?rest_route=%2Fwp%2Fv2%2Fmedia&parent=4129"}],"wp:term":[{"taxonomy":"category","embeddable":true,"href":"https:\/\/www.cronicasliterarias.es\/index.php?rest_route=%2Fwp%2Fv2%2Fcategories&post=4129"},{"taxonomy":"post_tag","embeddable":true,"href":"https:\/\/www.cronicasliterarias.es\/index.php?rest_route=%2Fwp%2Fv2%2Ftags&post=4129"}],"curies":[{"name":"wp","href":"https:\/\/api.w.org\/{rel}","templated":true}]}}