{"id":4144,"date":"2021-03-23T00:05:00","date_gmt":"2021-03-23T00:05:00","guid":{"rendered":"https:\/\/www.cronicasliterarias.es\/?p=4144"},"modified":"2021-03-23T10:32:06","modified_gmt":"2021-03-23T10:32:06","slug":"resena-eramos-el-enemigo-de-george-takei-justin-eisinger-steven-scott-y-harmony-becker","status":"publish","type":"post","link":"https:\/\/www.cronicasliterarias.es\/?p=4144","title":{"rendered":"Rese\u00f1a: \u00c9ramos el Enemigo, de George Takei, Justin Eisinger, Steven Scott y Harmony Becker"},"content":{"rendered":"<p align=\"JUSTIFY\"><img loading=\"lazy\" decoding=\"async\" class=\"alignright  wp-image-4146\" src=\"https:\/\/www.cronicasliterarias.es\/wp-content\/uploads\/2021\/03\/eramos-el-enemigoCL.jpg\" alt=\"\" width=\"269\" height=\"392\" srcset=\"https:\/\/www.cronicasliterarias.es\/wp-content\/uploads\/2021\/03\/eramos-el-enemigoCL.jpg 468w, https:\/\/www.cronicasliterarias.es\/wp-content\/uploads\/2021\/03\/eramos-el-enemigoCL-206x300.jpg 206w\" sizes=\"auto, (max-width: 269px) 100vw, 269px\" \/>Puede parecer que voy de novela gr\u00e1fica en novela gr\u00e1fica, pero es que me parece de recibo que para alguien que lee tant\u00edsimo y tan r\u00e1pido como yo (un devorador de historias del tama\u00f1o de un Azotamentes<i>\u00a0<\/i>tengo dentro), ya que me pongo con una historia que empiece y acabe en el mismo tomo. Se agradece. Para m\u00e1s inri, leo tramas de todos los g\u00e9neros pero tengo debilidad, cada vez m\u00e1s (ser\u00e1 la edad) por las historias que tocan el alma. Historias reales que son traslaciones de novelas autobiogr\u00e1ficas que han sido s\u00faper ventas en el <em>New York Times<\/em> y que hablan del dolor en primera persona y de sucesos de gran envergadura, que para bien o para m\u00e1s mal que bien, sufren inocentes sin comerlo ni beberlo.<\/p>\n<p align=\"JUSTIFY\"><i>\u00c9ramos\u00a0el Enemigo <\/i>es una de esas memorias gr\u00e1ficas que merecen ser le\u00eddas. Cuenta la historia, ahora en formato ilustrado, del actor\/guionista\/escritor\/activista George Takei. Una historia de coraje, patriotismo, lealtad y amor. Planeta C\u00f3mic publica este mes adem\u00e1s, la edici\u00f3n <em>They Called Us Enemy: Expanded Edition<\/em>. Un genial tomo en tapa dura, una edici\u00f3n de lujo con material y p\u00e1ginas extras que trae lo que me gusta a m\u00ed visualizar cuando me cuentan una historia basada en hechos reales: fotos ver\u00eddicas de los protagonistas.<\/p>\n<p align=\"JUSTIFY\"><img loading=\"lazy\" decoding=\"async\" class=\"alignleft size-medium wp-image-4148\" src=\"https:\/\/www.cronicasliterarias.es\/wp-content\/uploads\/2021\/03\/eramos-el-enemigo01-300x203.jpg\" alt=\"\" width=\"300\" height=\"203\" srcset=\"https:\/\/www.cronicasliterarias.es\/wp-content\/uploads\/2021\/03\/eramos-el-enemigo01-300x203.jpg 300w, https:\/\/www.cronicasliterarias.es\/wp-content\/uploads\/2021\/03\/eramos-el-enemigo01.jpg 655w\" sizes=\"auto, (max-width: 300px) 100vw, 300px\" \/>George Takei ha capturado corazones y mentes en todo el mundo con sus actuaciones magn\u00e9ticas, su ingenio agudo y su compromiso franco con la igualdad de derechos. Pero mucho antes de desafiar esas nuevas fronteras que tanto promueve en <em>Star Trek<\/em>, se despert\u00f3 una ma\u00f1ana como ni\u00f1o de cuatro a\u00f1os para encontrar a su pa\u00eds de nacimiento en guerra y a su padre y a toda su familia teniendo que huir de buenas a primeras para abandonar su hogar con un futuro incierto por delante. Una impresionante historia gr\u00e1fica donde Takei repasa adem\u00e1s la ni\u00f1ez que tuvo viviendo en los campos de concentraci\u00f3n estadounidenses cuando form\u00f3 parte de los ciento veinte mil japoneses americanos que el gobierno estadounidense mantuvo presos durante la Segunda Guerra Mundial.<\/p>\n<p align=\"JUSTIFY\">En 1942, por orden del presidente Franklin D. Roosevelt, todas las personas de ascendencia japonesa en la costa oeste fueron detenidas y enviadas a uno de los diez \u00abcentros de reubicaci\u00f3n\u00bb, a cientos o miles de millas de su hogar, donde ser\u00edan retenidas dichas familias durante a\u00f1os bajo guardia armada. <i>\u00c9ramos\u00a0el Enemigo <\/i>es el relato de primera mano de Takei sobre esos a\u00f1os detr\u00e1s del alambre de p\u00faas, los terrores y las peque\u00f1as alegr\u00edas de la infancia a la sombra del racismo legalizado. Las decisiones dif\u00edciles de una madre, la fe probada de su padre en la democracia y la forma en que esas experiencias plantaron las semillas para su asombroso pero entonces incierto futuro.<\/p>\n<p align=\"JUSTIFY\"><img loading=\"lazy\" decoding=\"async\" class=\"alignright size-medium wp-image-4150\" src=\"https:\/\/www.cronicasliterarias.es\/wp-content\/uploads\/2021\/03\/eramos-el-enemigo03-300x137.jpg\" alt=\"\" width=\"300\" height=\"137\" srcset=\"https:\/\/www.cronicasliterarias.es\/wp-content\/uploads\/2021\/03\/eramos-el-enemigo03-300x137.jpg 300w, https:\/\/www.cronicasliterarias.es\/wp-content\/uploads\/2021\/03\/eramos-el-enemigo03.jpg 659w\" sizes=\"auto, (max-width: 300px) 100vw, 300px\" \/>\u00bfQu\u00e9 significa ser estadounidense? \u00bfQui\u00e9n decide? George Takei se une a los guionistas Justin Eisinger y Steven Scott y a la artista Harmony Becker en el viaje de su vida para presentar una novela gr\u00e1fica que pone los vellos de punta. Una trama que si no fuera porque sabes que tiene un bonito final (dio fuerza y forma a un \u00edcono estadounidense), pondr\u00edamos nuevamente en entretela la forma dictatorial que ejecuta el pa\u00eds que tanto alardea de promover la libertad, el ser el lugar donde cumplir tus sue\u00f1os.<\/p>\n<p align=\"JUSTIFY\">No es oro todo lo que reluce.<\/p>\n<p align=\"JUSTIFY\">En mi amada por otras muchas cosas USA, he visto las im\u00e1genes de televisi\u00f3n de ni\u00f1os emigrantes sufriendo que es muy f\u00e1cil desarrollar la fatiga por compasi\u00f3n. Despu\u00e9s de todo, podemos apagar el televisor sin vernos obligados a contemplar la dif\u00edcil situaci\u00f3n de ser encarcelados a una tierna edad en un lugar extra\u00f1o y duro, a merced de fuerzas que realmente no comprendemos. Pero Takei ha encontrado una manera poderosa de transmitir su mensaje. Con un libro y ahora con una novela gr\u00e1fica que presenta en mejor caso el tema, en mi opini\u00f3n, se muestra una historia que entra hasta el fondo. Me explico: no es lo mismo leer esta historia en narrativa que en un medio que la mayor\u00eda de <img loading=\"lazy\" decoding=\"async\" class=\"alignleft size-thumbnail wp-image-4149\" src=\"https:\/\/www.cronicasliterarias.es\/wp-content\/uploads\/2021\/03\/takei-150x150.jpg\" alt=\"\" width=\"150\" height=\"150\" srcset=\"https:\/\/www.cronicasliterarias.es\/wp-content\/uploads\/2021\/03\/takei-150x150.jpg 150w, https:\/\/www.cronicasliterarias.es\/wp-content\/uploads\/2021\/03\/takei-90x90.jpg 90w\" sizes=\"auto, (max-width: 150px) 100vw, 150px\" \/>nosotros experimentamos por primera vez cuando fuimos ni\u00f1os; en c\u00f3mic, en manga, dibujos con globos de di\u00e1logo y narraciones simples y escasas para ayudar a los lectores a verlo todo a trav\u00e9s de los ojos del ni\u00f1o que alguna vez fue Takei. Todo muy Estudios Ghibli. Donde\u00a0Takei relata cosas como que soportaron un calor sofocante y tormentas de lluvia que convirtieron el campamento en un mar de barro, comieron alimentos de mal sabor que no ten\u00edan ni idea qu\u00e9 eran e hicieron sus necesidades en hileras de inodoros que construyeron con trozos de madera&#8230;<\/p>\n<p align=\"JUSTIFY\">Una locura.<\/p>\n","protected":false},"excerpt":{"rendered":"<p>Puede parecer que voy de novela gr\u00e1fica en novela gr\u00e1fica, pero es que me parece de recibo que para alguien que lee tant\u00edsimo y tan r\u00e1pido como yo (un devorador de historias del tama\u00f1o de un Azotamentes\u00a0tengo dentro), ya que me pongo con una historia que empiece y acabe en el mismo tomo. Se agradece. [&hellip;]<\/p>\n","protected":false},"author":4,"featured_media":0,"comment_status":"closed","ping_status":"closed","sticky":false,"template":"","format":"standard","meta":{"footnotes":""},"categories":[49,124,203,26,6],"tags":[11,170,38,10],"class_list":["post-4144","post","type-post","status-publish","format-standard","hentry","category-comics","category-manga","category-novela-grafica","category-planeta-comic","category-resenas","tag-j-j-castillo","tag-novela-grafica","tag-planeta-comic","tag-resenas"],"_links":{"self":[{"href":"https:\/\/www.cronicasliterarias.es\/index.php?rest_route=\/wp\/v2\/posts\/4144","targetHints":{"allow":["GET"]}}],"collection":[{"href":"https:\/\/www.cronicasliterarias.es\/index.php?rest_route=\/wp\/v2\/posts"}],"about":[{"href":"https:\/\/www.cronicasliterarias.es\/index.php?rest_route=\/wp\/v2\/types\/post"}],"author":[{"embeddable":true,"href":"https:\/\/www.cronicasliterarias.es\/index.php?rest_route=\/wp\/v2\/users\/4"}],"replies":[{"embeddable":true,"href":"https:\/\/www.cronicasliterarias.es\/index.php?rest_route=%2Fwp%2Fv2%2Fcomments&post=4144"}],"version-history":[{"count":5,"href":"https:\/\/www.cronicasliterarias.es\/index.php?rest_route=\/wp\/v2\/posts\/4144\/revisions"}],"predecessor-version":[{"id":4155,"href":"https:\/\/www.cronicasliterarias.es\/index.php?rest_route=\/wp\/v2\/posts\/4144\/revisions\/4155"}],"wp:attachment":[{"href":"https:\/\/www.cronicasliterarias.es\/index.php?rest_route=%2Fwp%2Fv2%2Fmedia&parent=4144"}],"wp:term":[{"taxonomy":"category","embeddable":true,"href":"https:\/\/www.cronicasliterarias.es\/index.php?rest_route=%2Fwp%2Fv2%2Fcategories&post=4144"},{"taxonomy":"post_tag","embeddable":true,"href":"https:\/\/www.cronicasliterarias.es\/index.php?rest_route=%2Fwp%2Fv2%2Ftags&post=4144"}],"curies":[{"name":"wp","href":"https:\/\/api.w.org\/{rel}","templated":true}]}}