{"id":4642,"date":"2021-04-21T00:05:00","date_gmt":"2021-04-21T00:05:00","guid":{"rendered":"https:\/\/www.cronicasliterarias.es\/?p=4642"},"modified":"2021-04-21T09:13:48","modified_gmt":"2021-04-21T09:13:48","slug":"resena-tif-y-tondu-investigaciones-a-traves-del-mundo-de-maurice-tillieux-y-will","status":"publish","type":"post","link":"https:\/\/www.cronicasliterarias.es\/?p=4642","title":{"rendered":"Rese\u00f1a: Tif y Tondu. Investigaciones a Trav\u00e9s del Mundo, de Maurice Tillieux y Will"},"content":{"rendered":"<p align=\"JUSTIFY\"><img loading=\"lazy\" decoding=\"async\" class=\"alignleft  wp-image-4644\" src=\"https:\/\/www.cronicasliterarias.es\/wp-content\/uploads\/2021\/04\/Tif-y-Tondu-2CL.jpg\" alt=\"\" width=\"275\" height=\"389\" srcset=\"https:\/\/www.cronicasliterarias.es\/wp-content\/uploads\/2021\/04\/Tif-y-Tondu-2CL.jpg 240w, https:\/\/www.cronicasliterarias.es\/wp-content\/uploads\/2021\/04\/Tif-y-Tondu-2CL-212x300.jpg 212w\" sizes=\"auto, (max-width: 275px) 100vw, 275px\" \/>Series que no puedes dejar. Las sensaciones que provocan. La nostalgia. Lo que depara un constante requerimiento a la editorial de cuando viene el pr\u00f3ximo integral&#8230; Todo esto y algunas demencias lectoras m\u00e1s, me ocurren despu\u00e9s de devorar un tomo de la BD como <em>Tif y Tondu<\/em> que publica Dolmen Editorial en su colecci\u00f3n Fuera Borda. Ediciones para el amante del mejor c\u00f3mic europeo de todos los tiempos, los va a querer todos, joyita tras joyita van publicando, y me da, que puede ser la \u00fanica oportunidad de llevarnos a casa estas maravillas. Rara vez ver\u00e1n la luz de nuevo. Tengo esa terrible sensaci\u00f3n. Por lo que vuelvo a rese\u00f1aros, a incitaros con <em>Tif y Tondu<\/em>, esta vez el reci\u00e9n publicado segundo integral denominado <em>Investigaciones a trav\u00e9s del Mundo<\/em> que comprende los tres siguientes \u00e1lbumes: <em>La Cosa de los Abismos, El Buceador Muerto<\/em> y mi a\u00f1orado c\u00f3mic (despu\u00e9s os cuento por qu\u00e9), <em>Tif y Tondu en Nueva York<\/em>.<\/p>\n<p align=\"CENTER\"><i>En la frontera entre la novela polic\u00edaca y lo fant\u00e1stico, Tif y Tondu est\u00e1n dispuestos a hacer cualquier cosa para luchar contra el crimen y, en particular, vencer a su enemigo todopoderoso, <\/i><i>el terrible Monsieur Choc. Del espacio a la tierra de los sue\u00f1os, de Nueva York a la jungla de Malasia, los dos amigos viajan por todo el planeta y un poco m\u00e1s lejos, para proteger a la humanidad de las locas y destructivas ambiciones de quienes se interponen en su camino.<img loading=\"lazy\" decoding=\"async\" class=\"alignright  wp-image-4646\" src=\"https:\/\/www.cronicasliterarias.es\/wp-content\/uploads\/2021\/04\/Tif-y-Tondu-201.jpg\" alt=\"\" width=\"188\" height=\"149\" \/><\/i><\/p>\n<p>Creo recordar que as\u00ed rezaba, m\u00e1s o menos, la presentaci\u00f3n de esta serie en los \u00e1lbumes antiguos. Muy a lo peli de los a\u00f1os 70. Y es que era eso, en definitiva, casi films de acci\u00f3n de los que estaban de moda entonces con mucho movimiento. Novelitas de aventuras que pod\u00edas\/puedes degustar en formato c\u00f3mic, siguiendo, riendo, con estos dos personajes que son unos \u201cmelones\u201d, como dec\u00eda mi abuela. Pero no equivocaros, <em>Tif y Tondu<\/em> no promueve el humor aunque lo tenga, en ocasiones. No al estilo de detectives torpes y dem\u00e1s. Aqu\u00ed hay m\u00e1s g\u00e9nero detectivesco de lo que se cree. Muy al estilo <em>Tint\u00edn<\/em>, por poner un ejemplo.<\/p>\n<p align=\"JUSTIFY\">Excelente \u00e1lbum -como todos los guionizados por M. Tillieux- es<em> La Cosa de los Abismos<\/em>. Se abre el tomo con nuestros amigos de vuelta en Londres en compa\u00f1\u00eda de Kiki, la condesa y periodista presente en historias anteriores. Todo, para asistir a un congreso de crimin\u00f3logos. Pero Kiki sigue recelosa tras escapar de los aduaneros que quer\u00edan confiscar a su perro. Lo que iba a pasar pas\u00f3 y Kiki se mete en l\u00edos otra vez por el temita. Afortunadamente, Tif y Tondu tienen un amigo, el Inspector Fixchusset, quien les permite a nuestros amigos que el perro de Kiki no sea tiroteado&#8230; Pero Kiki es testaruda, y no quiere escuchar, tiene que <img loading=\"lazy\" decoding=\"async\" class=\"alignleft size-full wp-image-4647\" src=\"https:\/\/www.cronicasliterarias.es\/wp-content\/uploads\/2021\/04\/Tif-y-Tondu-202.jpg\" alt=\"\" width=\"219\" height=\"230\" \/>ir a rescatar a su perro&#8230;, el hueso&#8230;, aunque el hueso en este caso se vuelva bastante viscoso e impresionante a la vista&#8230;<\/p>\n<p align=\"JUSTIFY\">Una buena trama, de las que es m\u00e1s importante el recorrido que el final, es <em>El Buceador Muerto.<\/em> Tif, el calvo, Tondu, el barbudo de mucho-pelo y Kiki, la rica; son informados por el mayordomo de \u00e9sta que un empleado de una subsidiaria, Bill, desea verla en persona. Los tres h\u00e9roes van y lo encuentran borracho. Apenas aclaran nada. Lo llevan de vuelta a su hotel, y cuando vuelven unas horas despu\u00e9s, se encuentran con un intruso que&#8230;<\/p>\n<p align=\"JUSTIFY\">Para cerrar (maldita palabra), <em>Tif y Tondu en Nueva York<\/em>. Venga. Lo cuento. Este \u00e1lbum es especial para m\u00ed. Durante un festival de c\u00f3mics, cuando ten\u00eda nueve a\u00f1os, recib\u00ed una bonita dedicatoria de Will en este \u00e1lbum de<em> Tif et Tondu<\/em>, que mi tio me compr\u00f3. No lo llegu\u00e9 a apreciar en su momento y mi tito americano se lo llev\u00f3 y lo tiene guardado como oro en pa\u00f1o. A\u00fan lo conserva en su pl\u00e1stico. \u00a1Y me lo tiene que devolver alg\u00fan d\u00eda! Es tema constante de debate en la familia comiquera. Tiras-y-aflojas que espero alg\u00fan d\u00eda lleven a alg\u00fan sitio&#8230;, a m\u00ed favor. (Esto pasa por no valorar ciertas cosas en la juventud) En definitva, una buena historia donde a diferencia de las leidas antes, Tif lidera la acci\u00f3n de principio a fin. Pierde su maleta varias veces cuando llega al aeropuerto de Nueva York, un mafioso deja all\u00ed un sobre que pretende recoger en el hotel de nuestros h\u00e9roes, dos grupos de g\u00e1ngsters se pelean por el contenido de este sobre y Tondu es secuestrado para que Tif pueda llevar su maleta a uno de los dos bandos, seguido de una persecuci\u00f3n bastante chula de las que a Tilleux le encantaba organizar. Buena trama que recuerda al potente inicio de<em> Golpe en la Peque\u00f1a China<\/em>, de John Carpenter.<\/p>\n<p align=\"JUSTIFY\"><img loading=\"lazy\" decoding=\"async\" class=\"aligncenter  wp-image-4648\" src=\"https:\/\/www.cronicasliterarias.es\/wp-content\/uploads\/2021\/04\/Tif-y-Tondu-205.jpg\" alt=\"\" width=\"703\" height=\"227\" srcset=\"https:\/\/www.cronicasliterarias.es\/wp-content\/uploads\/2021\/04\/Tif-y-Tondu-205.jpg 774w, https:\/\/www.cronicasliterarias.es\/wp-content\/uploads\/2021\/04\/Tif-y-Tondu-205-300x97.jpg 300w, https:\/\/www.cronicasliterarias.es\/wp-content\/uploads\/2021\/04\/Tif-y-Tondu-205-768x248.jpg 768w\" sizes=\"auto, (max-width: 703px) 100vw, 703px\" \/><\/p>\n<p align=\"JUSTIFY\">Tif y Tondu son de esas series, esos personajes, que tienen ese no-s\u00e9-qu\u00e9 que enamoran. El dibujo de Will siempre es excelente y sabe crear atm\u00f3sferas maravillosas para las historias. Puntal de lanza, c\u00f3mic franco-belga en toda su esencia.<\/p>\n","protected":false},"excerpt":{"rendered":"<p>Series que no puedes dejar. Las sensaciones que provocan. La nostalgia. Lo que depara un constante requerimiento a la editorial de cuando viene el pr\u00f3ximo integral&#8230; Todo esto y algunas demencias lectoras m\u00e1s, me ocurren despu\u00e9s de devorar un tomo de la BD como Tif y Tondu que publica Dolmen Editorial en su colecci\u00f3n Fuera [&hellip;]<\/p>\n","protected":false},"author":4,"featured_media":0,"comment_status":"closed","ping_status":"closed","sticky":false,"template":"","format":"standard","meta":{"footnotes":""},"categories":[53,44,119,6],"tags":[194,120,11,10],"class_list":["post-4642","post","type-post","status-publish","format-standard","hentry","category-bd","category-comic-europeo","category-dolmen-editorial","category-resenas","tag-comic-europeo-2021","tag-dolmen-editorial","tag-j-j-castillo","tag-resenas"],"_links":{"self":[{"href":"https:\/\/www.cronicasliterarias.es\/index.php?rest_route=\/wp\/v2\/posts\/4642","targetHints":{"allow":["GET"]}}],"collection":[{"href":"https:\/\/www.cronicasliterarias.es\/index.php?rest_route=\/wp\/v2\/posts"}],"about":[{"href":"https:\/\/www.cronicasliterarias.es\/index.php?rest_route=\/wp\/v2\/types\/post"}],"author":[{"embeddable":true,"href":"https:\/\/www.cronicasliterarias.es\/index.php?rest_route=\/wp\/v2\/users\/4"}],"replies":[{"embeddable":true,"href":"https:\/\/www.cronicasliterarias.es\/index.php?rest_route=%2Fwp%2Fv2%2Fcomments&post=4642"}],"version-history":[{"count":5,"href":"https:\/\/www.cronicasliterarias.es\/index.php?rest_route=\/wp\/v2\/posts\/4642\/revisions"}],"predecessor-version":[{"id":4654,"href":"https:\/\/www.cronicasliterarias.es\/index.php?rest_route=\/wp\/v2\/posts\/4642\/revisions\/4654"}],"wp:attachment":[{"href":"https:\/\/www.cronicasliterarias.es\/index.php?rest_route=%2Fwp%2Fv2%2Fmedia&parent=4642"}],"wp:term":[{"taxonomy":"category","embeddable":true,"href":"https:\/\/www.cronicasliterarias.es\/index.php?rest_route=%2Fwp%2Fv2%2Fcategories&post=4642"},{"taxonomy":"post_tag","embeddable":true,"href":"https:\/\/www.cronicasliterarias.es\/index.php?rest_route=%2Fwp%2Fv2%2Ftags&post=4642"}],"curies":[{"name":"wp","href":"https:\/\/api.w.org\/{rel}","templated":true}]}}