{"id":4772,"date":"2021-05-03T00:05:00","date_gmt":"2021-05-03T00:05:00","guid":{"rendered":"https:\/\/www.cronicasliterarias.es\/?p=4772"},"modified":"2021-05-03T11:59:56","modified_gmt":"2021-05-03T11:59:56","slug":"resena-roy-al-de-ralf-konig","status":"publish","type":"post","link":"https:\/\/www.cronicasliterarias.es\/?p=4772","title":{"rendered":"Rese\u00f1a: Roy &#038; Al, de Ralf K\u00f6nig"},"content":{"rendered":"<p align=\"JUSTIFY\"><img loading=\"lazy\" decoding=\"async\" class=\"alignleft  wp-image-4774\" src=\"https:\/\/www.cronicasliterarias.es\/wp-content\/uploads\/2021\/05\/Roy-y-AlCL.jpg\" alt=\"\" width=\"289\" height=\"383\" srcset=\"https:\/\/www.cronicasliterarias.es\/wp-content\/uploads\/2021\/05\/Roy-y-AlCL.jpg 483w, https:\/\/www.cronicasliterarias.es\/wp-content\/uploads\/2021\/05\/Roy-y-AlCL-226x300.jpg 226w\" sizes=\"auto, (max-width: 289px) 100vw, 289px\" \/>Los que vay\u00e1is a descubrir la obra de Ralf K\u00f6nig con este titulo que reci\u00e9n publica Ediciones La C\u00fapula, os dir\u00e9 que est\u00e1is de enhorabuena, porque (con)tiene todo por lo que merece la pena leer un c\u00f3mic de este autor. Y puede que os enganch\u00e9is. Y puede que cada vez que quer\u00e1is humor, re\u00edros por que lo necesit\u00e1is o quer\u00e1is sacar algo de vuestra c\u00f3micteca para prestar a un amigo&#8230;, en definitiva, un c\u00f3mic que le divierta; os gustar\u00e1 tener la obra de K\u00f6nig para sacar uno al azar. Y si la suerte dice que toca leer <em>Roy &amp; Al<\/em>, tan obvio como que os desternillar\u00e9is de risa.<\/p>\n<p align=\"JUSTIFY\">Con este titulo concretamente, por lo menos, vais a encontrar una de las obras m\u00e1s originales de K\u00f6nig. Eso sin duda. Donde se presenta tambi\u00e9n (ya lo conocer\u00e9is algunos) escenas de sexo gay. Algo en lo que no soy especialista pero, pocas series de c\u00f3mic d\u00f3nde encontrar el tema, \u00bfno? En cualquier caso, habiendo visto las portadas de otros \u00e1lbumes de K\u00f6nig ya sabr\u00e9is que es un punto fundamental en su trabajo. Esto me lleva a categorizar sus series en las series de \u00abS\u00f3lo para Adultos\u00bb, y mirad que me gusta poco poner esa etiqueta. Dicho esto, <em>Roy &amp; Al<\/em> no es un \u00e1lbum centrado en el sexo.<\/p>\n<p align=\"JUSTIFY\">Es bastante gracioso, sobre todo, si te molan o te partes con ciertas situaciones provocadas por esos seres <img loading=\"lazy\" decoding=\"async\" class=\"alignright size-medium wp-image-4776\" src=\"https:\/\/www.cronicasliterarias.es\/wp-content\/uploads\/2021\/05\/Roy-y-Al_01-300x127.jpg\" alt=\"\" width=\"300\" height=\"127\" srcset=\"https:\/\/www.cronicasliterarias.es\/wp-content\/uploads\/2021\/05\/Roy-y-Al_01-300x127.jpg 300w, https:\/\/www.cronicasliterarias.es\/wp-content\/uploads\/2021\/05\/Roy-y-Al_01-768x324.jpg 768w, https:\/\/www.cronicasliterarias.es\/wp-content\/uploads\/2021\/05\/Roy-y-Al_01.jpg 770w\" sizes=\"auto, (max-width: 300px) 100vw, 300px\" \/>normalmente peque\u00f1itos que tenemos en casa algunos como son los perretes. Y en este \u00e1lbum, los dos gays antes mencionados no son los h\u00e9roes, sino sus perros. S\u00ed, Roy y Al son los perretes que buscan tema en este c\u00f3mic. La sal de este \u00e1lbum se debate en las relaciones entre estos dos perros y la visi\u00f3n de ciertos comportamientos (muchos sexuales) por sus amos.<\/p>\n<p align=\"JUSTIFY\">Hay que decir que Al no est\u00e1 realmente contento con los modales de su due\u00f1o (es francamente homof\u00f3bico), y los comentarios hechos por Al y su nuevo amigo Roy, comentando y criticando la vida de su due\u00f1o juegan con la iron\u00eda, y en el ambiente homof\u00f3bico que imperaba en Francia (me consta) hace unos meses. Pero todo se suma al lado de lo absurdo y lo c\u00f3mico. Los cuentos, las historias, los sketchs que encontrar\u00e9is en este volumen son desiguales. No en calidad, sino en variedad. Quiero decir, historias independientes que apenas siguen un mismo argumento. Se puede decir que son \u201csituaciones\u201d y con algunas reir\u00e1s por mucho que os pueda parecer libidinosas, lascivas u obscenas con el tema que quema.<\/p>\n<p align=\"CENTER\"><em><img loading=\"lazy\" decoding=\"async\" class=\"alignleft size-medium wp-image-4777\" src=\"https:\/\/www.cronicasliterarias.es\/wp-content\/uploads\/2021\/05\/Roy-y-Al_02-300x176.jpg\" alt=\"\" width=\"300\" height=\"176\" srcset=\"https:\/\/www.cronicasliterarias.es\/wp-content\/uploads\/2021\/05\/Roy-y-Al_02-300x176.jpg 300w, https:\/\/www.cronicasliterarias.es\/wp-content\/uploads\/2021\/05\/Roy-y-Al_02.jpg 552w\" sizes=\"auto, (max-width: 300px) 100vw, 300px\" \/>Al es un perro de pura raza, que acaba de ser adoptado por un homosexual. <\/em><em>Horrible para este perro homof\u00f3bico.<\/em><\/p>\n<p align=\"CENTER\"><em>El nuevo amigo de su amo tambi\u00e9n tiene perro. Roy, que de alguna forma se convierte en amigo.<\/em><\/p>\n<p align=\"CENTER\"><em>Dos perretes comentando, criticando y terminando por imitar los modales de sus amos.<\/em><\/p>\n<p align=\"JUSTIFY\">La idea ya da risa.<\/p>\n","protected":false},"excerpt":{"rendered":"<p>Los que vay\u00e1is a descubrir la obra de Ralf K\u00f6nig con este titulo que reci\u00e9n publica Ediciones La C\u00fapula, os dir\u00e9 que est\u00e1is de enhorabuena, porque (con)tiene todo por lo que merece la pena leer un c\u00f3mic de este autor. Y puede que os enganch\u00e9is. Y puede que cada vez que quer\u00e1is humor, re\u00edros por [&hellip;]<\/p>\n","protected":false},"author":4,"featured_media":0,"comment_status":"closed","ping_status":"closed","sticky":false,"template":"","format":"standard","meta":{"footnotes":""},"categories":[49,200,6],"tags":[199,11,10],"class_list":["post-4772","post","type-post","status-publish","format-standard","hentry","category-comics","category-ediciones-la-cupula","category-resenas","tag-ediciones-la-cupula","tag-j-j-castillo","tag-resenas"],"_links":{"self":[{"href":"https:\/\/www.cronicasliterarias.es\/index.php?rest_route=\/wp\/v2\/posts\/4772","targetHints":{"allow":["GET"]}}],"collection":[{"href":"https:\/\/www.cronicasliterarias.es\/index.php?rest_route=\/wp\/v2\/posts"}],"about":[{"href":"https:\/\/www.cronicasliterarias.es\/index.php?rest_route=\/wp\/v2\/types\/post"}],"author":[{"embeddable":true,"href":"https:\/\/www.cronicasliterarias.es\/index.php?rest_route=\/wp\/v2\/users\/4"}],"replies":[{"embeddable":true,"href":"https:\/\/www.cronicasliterarias.es\/index.php?rest_route=%2Fwp%2Fv2%2Fcomments&post=4772"}],"version-history":[{"count":7,"href":"https:\/\/www.cronicasliterarias.es\/index.php?rest_route=\/wp\/v2\/posts\/4772\/revisions"}],"predecessor-version":[{"id":4784,"href":"https:\/\/www.cronicasliterarias.es\/index.php?rest_route=\/wp\/v2\/posts\/4772\/revisions\/4784"}],"wp:attachment":[{"href":"https:\/\/www.cronicasliterarias.es\/index.php?rest_route=%2Fwp%2Fv2%2Fmedia&parent=4772"}],"wp:term":[{"taxonomy":"category","embeddable":true,"href":"https:\/\/www.cronicasliterarias.es\/index.php?rest_route=%2Fwp%2Fv2%2Fcategories&post=4772"},{"taxonomy":"post_tag","embeddable":true,"href":"https:\/\/www.cronicasliterarias.es\/index.php?rest_route=%2Fwp%2Fv2%2Ftags&post=4772"}],"curies":[{"name":"wp","href":"https:\/\/api.w.org\/{rel}","templated":true}]}}