{"id":4863,"date":"2021-05-08T00:07:00","date_gmt":"2021-05-08T00:07:00","guid":{"rendered":"https:\/\/www.cronicasliterarias.es\/?p=4863"},"modified":"2021-05-08T13:11:23","modified_gmt":"2021-05-08T13:11:23","slug":"resena-marvel-limited-edition-spiderman-capitulo-uno-de-john-byrne","status":"publish","type":"post","link":"https:\/\/www.cronicasliterarias.es\/?p=4863","title":{"rendered":"Rese\u00f1a: Marvel Limited Edition. Spiderman. Cap\u00edtulo Uno, de John Byrne"},"content":{"rendered":"<p align=\"JUSTIFY\"><img loading=\"lazy\" decoding=\"async\" class=\"alignleft  wp-image-4865\" src=\"https:\/\/www.cronicasliterarias.es\/wp-content\/uploads\/2021\/05\/mlespidermanchapteroneCL.jpg\" alt=\"\" width=\"293\" height=\"442\" srcset=\"https:\/\/www.cronicasliterarias.es\/wp-content\/uploads\/2021\/05\/mlespidermanchapteroneCL.jpg 464w, https:\/\/www.cronicasliterarias.es\/wp-content\/uploads\/2021\/05\/mlespidermanchapteroneCL-199x300.jpg 199w\" sizes=\"auto, (max-width: 293px) 100vw, 293px\" \/>Nadie dice NO a volver a los buenos tiempos, a los buenos c\u00f3mics y nadie deber\u00eda evitar a John Byrne en tiempos muy prolongados. Pero lo que tiene delito en m\u00ed es que no recordaba que el maestro Byrne hubiera tenido una \u00e9poca con el trepamuros. Que exist\u00eda y ahora en novedades est\u00e1 en un Marvel Limited Edition un volumen que recopilada la serie de doce n\u00fameros llamada <em>Cap\u00edtulo Uno<\/em> donde el consagrado guionista e ilustrador le dio \u201ctratamiento\u201d a nuestro querido vecino Spiderman.<\/p>\n<p align=\"JUSTIFY\">Su visi\u00f3n del personaje.<\/p>\n<p align=\"JUSTIFY\">As\u00ed que, como no aprovechar el momento, la publicaci\u00f3n de esta genial novedad que se marcan Panini C\u00f3mics y SD Distribuciones con su colecci\u00f3n de indispensables c\u00f3mics cl\u00e1sicos los ya tan conocidos Marvel Limited Edition. Es el momento, sin duda, de degustar la miniserie que se llam\u00f3 <em>Cap\u00edtulo Uno (Chapter One)<\/em>, del <em>Spiderman<\/em>, de John Byrne, que se public\u00f3 entre 1998 y 1999. Doce entregas, m\u00e1s un n\u00famero aleatorio <em>#0<\/em> -intercalado-, una <em>Renovaci\u00f3n de la Telara\u00f1as<\/em> (como bien titula en su articulo inicial Eduardo de Salazar), que nos lleva a los primeros d\u00edas de Spiderman tal como el maestro decide reescribirlos y los reinventa. Pues la serie esplende y est\u00e1 cien por cien impulsada con inspiraci\u00f3n gracias a la mente y pluma de la superestrella de la industria John Byrne, quien proporciona gui\u00f3n y l\u00e1pices adem\u00e1s.<\/p>\n<p align=\"JUSTIFY\"><img loading=\"lazy\" decoding=\"async\" class=\"alignright  wp-image-4866\" src=\"https:\/\/www.cronicasliterarias.es\/wp-content\/uploads\/2021\/05\/mlespidermanchapterone02.jpg\" alt=\"\" width=\"214\" height=\"252\" srcset=\"https:\/\/www.cronicasliterarias.es\/wp-content\/uploads\/2021\/05\/mlespidermanchapterone02.jpg 408w, https:\/\/www.cronicasliterarias.es\/wp-content\/uploads\/2021\/05\/mlespidermanchapterone02-254x300.jpg 254w\" sizes=\"auto, (max-width: 214px) 100vw, 214px\" \/>Una publicaci\u00f3n que roza los dos miles pero de las pocas series que se podr\u00edan ubicar por apariencia y estilo en los benditos a\u00f1os 80. Byrne incluso parece preferir una re-imaginaci\u00f3n cl\u00e1sica de una historia ic\u00f3nica del origen de un superh\u00e9roe, muy parecido a lo que hizo con el <em>Superman<\/em> ochentero. Aunque sinceramente con El Hombre de Acero lo hizo bastante mejor. Y eso que Byrne siempre gusta, tiene un nivel muy alto pese a no estar en su top. Es m\u00e1s, <em>Cap\u00edtulo Uno,<\/em> en el momento en que se public\u00f3, muchos lo catalogaron y declararon como nuevo \u00abcanon\u00bb para <em>Spiderman.<\/em> No obstante, la gente se fue dando cuenta que era una designaci\u00f3n hecha un poco a la ligera cuando los poderosos de La Casa de las Ideas se dieron cuenta que era una estupidez cambiar los eventos del <em>Amazing Fantasy #15,<\/em> al menos, en la forma en que Byrne lo cambia aqu\u00ed.<\/p>\n<p align=\"JUSTIFY\">Eso si, permitid que aclare que como fan incondicional de todo lo que hace o hizo este se\u00f1or, honestamente, este MLE hay que tenerlo a poco que seas fan de Spidey. Es diferente. Y al ser uno de los personajes de los que m\u00e1s guiones se publican (<em>Spiderman, Los Vengadores, Batman, Superman&#8230;<\/em>) la palabra \u201cdiferente\u201d deber\u00eda sonaros a \u201crefrescante\u201d. Y apetecible. Cierto es que el medio est\u00e1 lleno de reinicios, de vuelta a los or\u00edgenes&#8230;, pero al igual que Frank Miller hizo <img loading=\"lazy\" decoding=\"async\" class=\"alignleft  wp-image-4871\" src=\"https:\/\/www.cronicasliterarias.es\/wp-content\/uploads\/2021\/05\/mlespidermanchapterone03-136x300.jpg\" alt=\"\" width=\"118\" height=\"260\" srcset=\"https:\/\/www.cronicasliterarias.es\/wp-content\/uploads\/2021\/05\/mlespidermanchapterone03-136x300.jpg 136w, https:\/\/www.cronicasliterarias.es\/wp-content\/uploads\/2021\/05\/mlespidermanchapterone03.jpg 220w\" sizes=\"auto, (max-width: 118px) 100vw, 118px\" \/>con Daredevil en <em>El Hombre Sin Miedo<\/em>, Byrne tambi\u00e9n aporta aqu\u00ed su ingenio magistral para \u201cretocar\u201d mitolog\u00eda y el resultado neto es cuanto menos digno de leer. Ten\u00e9is que quedaros con lo que os dije antes. Hablamos de una serie por la que llegaron a plantearse en un momento dado ponerla como canon.<\/p>\n<p align=\"JUSTIFY\">Eso no es moco de pavo.<\/p>\n<p align=\"JUSTIFY\">Dichos cambios incluyen el momento ic\u00f3nico de la \u00abpicadura de ara\u00f1a\u00bb, que se cambi\u00f3 de \u00abadolescente mordido por una ara\u00f1a radiactiva\u00bb a \u00abadolescente es atrapado en una explosi\u00f3n radiactiva y es mordido por ara\u00f1a\u00bb. Como guinda al pastel, Otto Octavius est\u00e1 presente durante esta explosi\u00f3n y ese es el momento en que adquiere sus superpoderes. Un coctel curioso, \u00bfno? Pero vincular a Peter y a Otto m\u00e1s estrechamente es una idea con una enorme cantidad de potencial (como lo atestigua la serie <em>Superior Spider-Man<\/em>), que los dos obtengan sus poderes forjados en el mismo momento exacto ya casi que los une para siempre. Y este es solo uno de los muchos casos en los que Byrne tocar\u00e1 la fibra a los m\u00e1s puristas. \u00bfM\u00e1s? Momentos como estos: <span lang=\"es-ES\">Anna Watson le da la noticia a Peter sobre la muerte del t\u00edo Ben en lugar de un polic\u00eda al azar, o el Duende Verde es el cerebro tras algunos de los primeros villanos de Spidey. Ideas que en realidad dan la <img loading=\"lazy\" decoding=\"async\" class=\"alignright  wp-image-4869\" src=\"https:\/\/www.cronicasliterarias.es\/wp-content\/uploads\/2021\/05\/mlespidermanchapterone01-206x300.jpg\" alt=\"\" width=\"146\" height=\"213\" srcset=\"https:\/\/www.cronicasliterarias.es\/wp-content\/uploads\/2021\/05\/mlespidermanchapterone01-206x300.jpg 206w, https:\/\/www.cronicasliterarias.es\/wp-content\/uploads\/2021\/05\/mlespidermanchapterone01-703x1024.jpg 703w, https:\/\/www.cronicasliterarias.es\/wp-content\/uploads\/2021\/05\/mlespidermanchapterone01-768x1119.jpg 768w, https:\/\/www.cronicasliterarias.es\/wp-content\/uploads\/2021\/05\/mlespidermanchapterone01.jpg 787w\" sizes=\"auto, (max-width: 146px) 100vw, 146px\" \/>sensaci\u00f3n de estar leyendo un <em>What if&#8230;?,<\/em> pero uno de los molones. Aun as\u00ed, en cuanto a los puristas que no quieren que se les toque nada-nadita-nada, os contar\u00e9 bajito que hay m\u00e1s momentos sarc\u00e1sticos que terribles. Por ejemplo, Byrne intenta modernizar el origen haciendo que los estudiantes de secundaria hablen de ir a ver un concierto de los Rolling Stones.<\/span><\/p>\n<p align=\"JUSTIFY\"><span lang=\"es-ES\">Cosas as\u00ed.<\/span><\/p>\n<p align=\"JUSTIFY\"><span lang=\"es-ES\">Digno de ver. <\/span><span lang=\"es-ES\">Leer. <\/span><span lang=\"es-ES\">Tener.<\/span><\/p>\n","protected":false},"excerpt":{"rendered":"<p>Nadie dice NO a volver a los buenos tiempos, a los buenos c\u00f3mics y nadie deber\u00eda evitar a John Byrne en tiempos muy prolongados. Pero lo que tiene delito en m\u00ed es que no recordaba que el maestro Byrne hubiera tenido una \u00e9poca con el trepamuros. Que exist\u00eda y ahora en novedades est\u00e1 en un [&hellip;]<\/p>\n","protected":false},"author":4,"featured_media":0,"comment_status":"closed","ping_status":"closed","sticky":false,"template":"","format":"standard","meta":{"footnotes":""},"categories":[49,74,28,6,87],"tags":[11,86,218,10],"class_list":["post-4863","post","type-post","status-publish","format-standard","hentry","category-comics","category-integral","category-panini-comics","category-resenas","category-sd","tag-j-j-castillo","tag-marvel-limited-edition","tag-panini-comics-marvel","tag-resenas"],"_links":{"self":[{"href":"https:\/\/www.cronicasliterarias.es\/index.php?rest_route=\/wp\/v2\/posts\/4863","targetHints":{"allow":["GET"]}}],"collection":[{"href":"https:\/\/www.cronicasliterarias.es\/index.php?rest_route=\/wp\/v2\/posts"}],"about":[{"href":"https:\/\/www.cronicasliterarias.es\/index.php?rest_route=\/wp\/v2\/types\/post"}],"author":[{"embeddable":true,"href":"https:\/\/www.cronicasliterarias.es\/index.php?rest_route=\/wp\/v2\/users\/4"}],"replies":[{"embeddable":true,"href":"https:\/\/www.cronicasliterarias.es\/index.php?rest_route=%2Fwp%2Fv2%2Fcomments&post=4863"}],"version-history":[{"count":11,"href":"https:\/\/www.cronicasliterarias.es\/index.php?rest_route=\/wp\/v2\/posts\/4863\/revisions"}],"predecessor-version":[{"id":4881,"href":"https:\/\/www.cronicasliterarias.es\/index.php?rest_route=\/wp\/v2\/posts\/4863\/revisions\/4881"}],"wp:attachment":[{"href":"https:\/\/www.cronicasliterarias.es\/index.php?rest_route=%2Fwp%2Fv2%2Fmedia&parent=4863"}],"wp:term":[{"taxonomy":"category","embeddable":true,"href":"https:\/\/www.cronicasliterarias.es\/index.php?rest_route=%2Fwp%2Fv2%2Fcategories&post=4863"},{"taxonomy":"post_tag","embeddable":true,"href":"https:\/\/www.cronicasliterarias.es\/index.php?rest_route=%2Fwp%2Fv2%2Ftags&post=4863"}],"curies":[{"name":"wp","href":"https:\/\/api.w.org\/{rel}","templated":true}]}}