{"id":5264,"date":"2021-06-02T00:05:00","date_gmt":"2021-06-02T00:05:00","guid":{"rendered":"https:\/\/www.cronicasliterarias.es\/?p=5264"},"modified":"2021-06-02T09:33:59","modified_gmt":"2021-06-02T09:33:59","slug":"resena-spirou-y-fantasio-integral-1958-1959-de-andre-franquin-jidehem-y-greg","status":"publish","type":"post","link":"https:\/\/www.cronicasliterarias.es\/?p=5264","title":{"rendered":"Rese\u00f1a: Spirou y Fantasio Integral 1959-1960, de Franquin, Jid\u00e9hem y Greg"},"content":{"rendered":"<p lang=\"es-ES\" align=\"JUSTIFY\"><img loading=\"lazy\" decoding=\"async\" class=\"alignleft size-full wp-image-5268\" src=\"https:\/\/www.cronicasliterarias.es\/wp-content\/uploads\/2021\/06\/spirouetfantasio195919600000CL.jpg\" alt=\"\" width=\"250\" height=\"341\" srcset=\"https:\/\/www.cronicasliterarias.es\/wp-content\/uploads\/2021\/06\/spirouetfantasio195919600000CL.jpg 250w, https:\/\/www.cronicasliterarias.es\/wp-content\/uploads\/2021\/06\/spirouetfantasio195919600000CL-220x300.jpg 220w\" sizes=\"auto, (max-width: 250px) 100vw, 250px\" \/>Casi un a\u00f1o despu\u00e9s -pandemia mediante-, hemos tenido que esperar para poder gozar de un nuevo integral de<em> Spirou y Fantasio<\/em>, de esos c\u00f3mics europeos que nos hacen gozar de lo lindo. Pero friends, la espera ha terminado. Un portentoso y nuevo integral viene de la mano de Dibbuks, el <em>Spirou y Fantasio Integral<\/em> correspondiente a los a\u00f1os <em>1959-1960<\/em>, que vuelve a ser un t\u00edtulo genial para unas buenas sentadas de lectura con una portentosa edici\u00f3n en tapa dura. Ese mismo lugar ideal para comprobar de todas-todas que Franquin sab\u00eda elegir a sus asistentes. As\u00ed lo atestiguo yo y as\u00ed lo dice el editor, el cual nos pone en firme que Andr\u00e9 Franquin no cre\u00f3 a Spirou, pero que s\u00ed que le dio alma. Totalmente, de acuerdo, con esta opini\u00f3n.<\/p>\n<p lang=\"es-ES\" align=\"JUSTIFY\"><em>La Llamada del Miedo (La peur au bout du fil)<\/em>, as\u00ed como los otros ocho o nueve \u00e1lbumes recogidos aqu\u00ed centr\u00e1ndolos todos en apenas tres historias, son \u00e1lbumes restaurados, instructivos, muchos de los cuales ense\u00f1an sobre el m\u00e9todos de hacer y editar una tira c\u00f3mica; luego separable de una revista que abogaba cien por cien por difundir el c\u00f3mic franco-belga. <em>La Llamada del Miedo<\/em>, sinceramente, no se puede abrir con un mejor \u00e1lbum de misterio, un episodio de aventuras, dibujado por Franquin, reconocido por unanimidad como el dibujante m\u00e1s brillante de la serie, aunque Fantasio ya sabemos todos que es invento de Jij\u00e9, y el argumento de esta historia me dijo un pajarito que <img loading=\"lazy\" decoding=\"async\" class=\"alignright  wp-image-5269\" src=\"https:\/\/www.cronicasliterarias.es\/wp-content\/uploads\/2021\/06\/spirouetfantasio1959196001-300x216.jpg\" alt=\"\" width=\"226\" height=\"163\" srcset=\"https:\/\/www.cronicasliterarias.es\/wp-content\/uploads\/2021\/06\/spirouetfantasio1959196001-300x216.jpg 300w, https:\/\/www.cronicasliterarias.es\/wp-content\/uploads\/2021\/06\/spirouetfantasio1959196001.jpg 318w\" sizes=\"auto, (max-width: 226px) 100vw, 226px\" \/>se la susurr\u00f3 el hermano de este \u00faltimo a Franquin. Donde El Conde de Champignac, inventor medio compasivo y medio peligroso, est\u00e1 en el centro de la intriga. Champignac finalmente ha logrado extraer el residuo t\u00f3xico de su famoso elixir X4, el que multiplica por diez las facultades intelectuales de aquel a quien se le administra. Ahora, muy entusiasmado, llama a su amigo Spirou para contarle la noticia. Pero mientras charlan, no presta atenci\u00f3n al recipiente y se lo bebe sin querer, cual taza de caf\u00e9&#8230; Los efectos son particularmente devastadores.<\/p>\n<p align=\"JUSTIFY\"><span lang=\"es-ES\">Uno se siente FELIZ de poder volver a sumergirse en estas peque\u00f1as historias ahora que uno las ve con otros ojos. Nunca se es lo suficientemente mayor para ser fan de c\u00f3mics as\u00ed. Tan indispensable historia la anterior como <em>Z de Zorglub (Z comme Zorglub)<\/em>, que es la siguiente. Dibujos impecables de Franquin y Jid\u00e9hem, un escenario bien elaborado que al final justifica todas las preguntas que se puedan plantear. Pues, sin tiempo de inactividad, con una pizca de humor (esta vez) y siempre buenos gr\u00e1ficos; \u00bfq<\/span><span lang=\"es-ES\">u\u00e9 m\u00e1s se le puede pedir a un integral? Una historia potente donde el malvado Zorglub lidera grandes hallazgos. Una atm\u00f3sfera futurista que huele a cl\u00e1sica y pulpera Ciencia Ficci\u00f3n, con su eterno intento de esclavizar al mundo&#8230; Os aseguro, que ya no podr\u00e9is volver a mirar la luna (y cierto gigante gaseoso) de la misma manera. <\/span><span lang=\"es-ES\">Aqu\u00ed se <img loading=\"lazy\" decoding=\"async\" class=\"alignleft size-full wp-image-5273\" src=\"https:\/\/www.cronicasliterarias.es\/wp-content\/uploads\/2021\/06\/spirouetfantasio19591960003.jpg\" alt=\"\" width=\"246\" height=\"165\" \/>recogen todos los n\u00fameros de este extenso arco argumental.<\/span><\/p>\n<p align=\"JUSTIFY\"><span lang=\"es-ES\">El que le sigue y quiz\u00e1s m\u00e1s extenso es <em>El Hombre de la Z (L\u00b4Ombre de Z)<\/em>. Trama donde Spirou, Fantasio y el Conde de Champignac van a Palombia para detener a Zorglub. Este t\u00edtulo es obviamente secuela directa de<em> Z comme Zorglub<\/em>, y si fueran films, pues una muy buena segunda parte que concreta y cierra muchos frentes abiertos del \u00e1lbum anterior. Aunque si hemos le\u00eddo el excelente <em>El dictador y el hongo<\/em>, f\u00e1cilmente podremos adivinar qui\u00e9n es la sombra de la portada (gui\u00f1o-gui\u00f1o). Y con la intrusi\u00f3n de Zantafio al final del \u00e1lbum, sin duda, momentazo de la historia.<\/span><\/p>\n<p align=\"JUSTIFY\"><span lang=\"es-ES\">Me da que Franquin pudiera haber pensado en su momento el marcarse un d\u00edptico con estas dos historias juntas llam\u00e1ndolas \u00ab<em>Z<\/em>\u00bb o algo as\u00ed.<\/span><\/p>\n<p align=\"JUSTIFY\"><span lang=\"es-ES\">Si se compara con ediciones integrales anteriores, en <em>Spirou y Fantasio Integral 1959-1960<\/em> las planchas son menos numerosas. Hay poca informaci\u00f3nen las vi\u00f1etas pero muy certera. Grandes planos en su mayor\u00eda donde se brinda bastante por la ambientaci\u00f3n. Los comentarios <img loading=\"lazy\" decoding=\"async\" class=\"alignright  wp-image-5270\" src=\"https:\/\/www.cronicasliterarias.es\/wp-content\/uploads\/2021\/06\/spirouetfantasio19591960004-222x300.jpg\" alt=\"\" width=\"150\" height=\"203\" srcset=\"https:\/\/www.cronicasliterarias.es\/wp-content\/uploads\/2021\/06\/spirouetfantasio19591960004-222x300.jpg 222w, https:\/\/www.cronicasliterarias.es\/wp-content\/uploads\/2021\/06\/spirouetfantasio19591960004.jpg 226w\" sizes=\"auto, (max-width: 150px) 100vw, 150px\" \/>sobre los personajes recurrentes del pueblo y sobre la perspectiva en relaci\u00f3n a la historia, est\u00e1n muy bien planteadas. Nos topamos siempre con Greg al guion y Jid\u00e9hem al dibujo. Todos futuros maestros del c\u00f3mic, como bien se cuenta en los geniales art\u00edculos que inician el tomo. \u00c1lbumes, portadas, aventuras perfectas por su intensidad y gran concentraci\u00f3n de humor&#8230;; buena trama, grandes personajes y dibujo.<\/span><\/p>\n<p lang=\"es-ES\" align=\"JUSTIFY\">No pidan m\u00e1s que no hay.<\/p>\n","protected":false},"excerpt":{"rendered":"<p>Casi un a\u00f1o despu\u00e9s -pandemia mediante-, hemos tenido que esperar para poder gozar de un nuevo integral de Spirou y Fantasio, de esos c\u00f3mics europeos que nos hacen gozar de lo lindo. Pero friends, la espera ha terminado. Un portentoso y nuevo integral viene de la mano de Dibbuks, el Spirou y Fantasio Integral correspondiente [&hellip;]<\/p>\n","protected":false},"author":4,"featured_media":0,"comment_status":"closed","ping_status":"closed","sticky":false,"template":"","format":"standard","meta":{"footnotes":""},"categories":[53,44,32,74,6],"tags":[194,110,11,10],"class_list":["post-5264","post","type-post","status-publish","format-standard","hentry","category-bd","category-comic-europeo","category-dibbuks","category-integral","category-resenas","tag-comic-europeo-2021","tag-dibbuks","tag-j-j-castillo","tag-resenas"],"_links":{"self":[{"href":"https:\/\/www.cronicasliterarias.es\/index.php?rest_route=\/wp\/v2\/posts\/5264","targetHints":{"allow":["GET"]}}],"collection":[{"href":"https:\/\/www.cronicasliterarias.es\/index.php?rest_route=\/wp\/v2\/posts"}],"about":[{"href":"https:\/\/www.cronicasliterarias.es\/index.php?rest_route=\/wp\/v2\/types\/post"}],"author":[{"embeddable":true,"href":"https:\/\/www.cronicasliterarias.es\/index.php?rest_route=\/wp\/v2\/users\/4"}],"replies":[{"embeddable":true,"href":"https:\/\/www.cronicasliterarias.es\/index.php?rest_route=%2Fwp%2Fv2%2Fcomments&post=5264"}],"version-history":[{"count":7,"href":"https:\/\/www.cronicasliterarias.es\/index.php?rest_route=\/wp\/v2\/posts\/5264\/revisions"}],"predecessor-version":[{"id":5279,"href":"https:\/\/www.cronicasliterarias.es\/index.php?rest_route=\/wp\/v2\/posts\/5264\/revisions\/5279"}],"wp:attachment":[{"href":"https:\/\/www.cronicasliterarias.es\/index.php?rest_route=%2Fwp%2Fv2%2Fmedia&parent=5264"}],"wp:term":[{"taxonomy":"category","embeddable":true,"href":"https:\/\/www.cronicasliterarias.es\/index.php?rest_route=%2Fwp%2Fv2%2Fcategories&post=5264"},{"taxonomy":"post_tag","embeddable":true,"href":"https:\/\/www.cronicasliterarias.es\/index.php?rest_route=%2Fwp%2Fv2%2Ftags&post=5264"}],"curies":[{"name":"wp","href":"https:\/\/api.w.org\/{rel}","templated":true}]}}