{"id":5333,"date":"2021-06-08T00:05:00","date_gmt":"2021-06-08T00:05:00","guid":{"rendered":"https:\/\/www.cronicasliterarias.es\/?p=5333"},"modified":"2021-06-08T09:31:13","modified_gmt":"2021-06-08T09:31:13","slug":"resena-biblioteca-conan-what-if-de-roy-thomas-john-buscema-y-vvaa","status":"publish","type":"post","link":"https:\/\/www.cronicasliterarias.es\/?p=5333","title":{"rendered":"Rese\u00f1a: Biblioteca Conan. What if&#8230;?, de Roy Thomas, John Buscema y VVAA"},"content":{"rendered":"<p align=\"JUSTIFY\"><img loading=\"lazy\" decoding=\"async\" class=\"alignright  wp-image-5335\" src=\"https:\/\/www.cronicasliterarias.es\/wp-content\/uploads\/2021\/06\/whatifconanCL.jpg\" alt=\"\" width=\"254\" height=\"385\" srcset=\"https:\/\/www.cronicasliterarias.es\/wp-content\/uploads\/2021\/06\/whatifconanCL.jpg 277w, https:\/\/www.cronicasliterarias.es\/wp-content\/uploads\/2021\/06\/whatifconanCL-198x300.jpg 198w\" sizes=\"auto, (max-width: 254px) 100vw, 254px\" \/>Unos d\u00edas atr\u00e1s os rese\u00f1aba un fant\u00e1stico MLE de los grandes <em>What if&#8230;?<\/em> que tanto nos molaron a los ni\u00f1os de los 80 y que por fin se est\u00e1n recopilando en tomo. Pero, \u00bfninguno de ustedes ha pensado en la posibilidad de que se pudieran recoger en un solo volumen solo los que participa <em>Conan<\/em>? Si eres ese fan de<em> Conan El B\u00e1rbaro<\/em> de toda la vida, ese mismo que est\u00e1 flotando ahora en el delirio con todos los formidables integrales de <em>La Espada Salvaje de Conan<\/em> y <em>Conan El B\u00e1rbaro<\/em> que se est\u00e1 marcando Panini C\u00f3mics; si eres ese, s\u00ed que lo has pensado alg\u00fana vez. \u00bfC\u00f3mo lo s\u00e9? Por que somos mente colmena, somos soldados virtuosos fanboys de un personaje que mola leer y del que queremos tener todo-todito-todo. Y no tenemos remedio. Nos gusta disfrutar de lo mol\u00f3n como a otros les gusta beber cerveza. Que tambi\u00e9n&#8230;<\/p>\n<p align=\"JUSTIFY\"><em>Biblioteca Conan: What if&#8230;?<\/em>, es eso, en definitiva, TODOS los n\u00fameros de esta colecci\u00f3n de historias que pudieran suceder pero no sucedieron y sus ramales en el espacio-tiempo de dichos futuros-pasados. Todos los de <em>Conan<\/em> en un \u00fanico volumen. Como dice la sinopsis editorial: desde a<img loading=\"lazy\" decoding=\"async\" class=\"alignleft  wp-image-5338\" src=\"https:\/\/www.cronicasliterarias.es\/wp-content\/uploads\/2021\/06\/whatifconan04-116x300.jpg\" alt=\"\" width=\"96\" height=\"248\" srcset=\"https:\/\/www.cronicasliterarias.es\/wp-content\/uploads\/2021\/06\/whatifconan04-116x300.jpg 116w, https:\/\/www.cronicasliterarias.es\/wp-content\/uploads\/2021\/06\/whatifconan04.jpg 146w\" sizes=\"auto, (max-width: 96px) 100vw, 96px\" \/>quel <em>\u00bfY si&#8230; Conan caminara sobre la Tierra en la actualidad?<\/em>, su secuela, adem\u00e1s de la atronadora batalla contra el poderoso Thor y el hist\u00f3rico primer encuentro de hachas y garras, frente a Lobezno.<\/p>\n<p align=\"JUSTIFY\">Los cinco n\u00fameros de dicha colecci\u00f3n donde tuvo aparici\u00f3n estelar el famoso cimmerio.<\/p>\n<p align=\"JUSTIFY\"><em>\u00bfY si&#8230; Conan El B\u00e1rbaro viajara hasta el mundo actual?<\/em>, fue el n\u00famero <em>#13<\/em> del primer Volumen de la colecci\u00f3n. Una colecci\u00f3n que batir\u00eda r\u00e9cords de ventas con el musculoso e imbatible de por medio. Y gracias a que Marvel volvi\u00f3 a adquirir recientemente la licencia para todo lo relacionado con <em>Conan<\/em>, se publican joyitas como esta. Una trama que segu\u00eda a Conan siendo arrojado a la Nueva York de los 70s a trav\u00e9s del Pozo en el Centro del Tiempo de Shamash Shum-Ukin. Para quien no lo conozca, un rey de la X dinast\u00eda de Babilonia que rein\u00f3 en el per\u00edodo 668 a.C. &#8211; 648 a.C y que en su aparici\u00f3n en el Universo Marvel, deja el reino a su hermano, cuando desaparece en un viaje que le lleva hasta la Era Hiboria, concretamente a una ciudad llamada Akbitana, donde vive en un zigurat que es una ciudadela donde hace rituales de magia. All\u00ed, este tipo intercambia humanos <img loading=\"lazy\" decoding=\"async\" class=\"alignright  wp-image-5339\" src=\"https:\/\/www.cronicasliterarias.es\/wp-content\/uploads\/2021\/06\/whatifconan02-197x300.jpg\" alt=\"\" width=\"162\" height=\"247\" srcset=\"https:\/\/www.cronicasliterarias.es\/wp-content\/uploads\/2021\/06\/whatifconan02-197x300.jpg 197w, https:\/\/www.cronicasliterarias.es\/wp-content\/uploads\/2021\/06\/whatifconan02.jpg 200w\" sizes=\"auto, (max-width: 162px) 100vw, 162px\" \/>por seres de otras \u00e9pocas a trav\u00e9s del Pozo en el Centro del Tiempo, lugar que Conan cre\u00eda haber destruido en su visita anterior, pero no. Y cuando menos lo espera est\u00e1 en Nueva York, en el Greenwich Village, donde los transe\u00fantes lo confunden con Arnold Schwarzenegger&#8230; jajaj. Y hasta aqu\u00ed puedo leer. C\u00f3mic muy chulo de los consagrados Roy Thomas y John Buscema que todo el mundo deber\u00eda tener\/leer.<\/p>\n<p align=\"JUSTIFY\"><em>\u00bfY si&#8230; Thor de Asgard se hubiera encontrado con Conan El B\u00e1rbaro?<\/em>, no es m\u00e1s que un c\u00f3mic a lo anuncio de lucha estelar del estilo Pressing Catch, que no s\u00e9 porque me recuerda al enorme enfrentamiento medi\u00e1tico que tuvo en su d\u00eda Hulk Hogan contra el \u00daltimo Guerrero. \u00bfQui\u00e9n saldr\u00e1 victorioso, el orgullo de Asgard o el hijo favorito de Crom? Deber\u00e1s averiguarlo por ti mismo. Mola ver aqu\u00ed los inicios de Mike Mignola como dibujante.<\/p>\n<p align=\"JUSTIFY\">El chulo portad\u00f3n de este c\u00f3mic se lo debemos a <em>\u00bfY si&#8230; Conan El B\u00e1rbaro hubiera quedado atrapado en el Siglo XX?<\/em>, una especie de secuela del primer n\u00famero. Donde vemos lo que suceder\u00eda si Conan viniera al mundo moderno y c\u00f3mo probar\u00eda su temple contra los enemigos m\u00e1s peligrosos de nuestro tiempo. Tras los sucesos en el Museo Guggenhein es encarcelado, se escapa y luego se esconde en los callejones de Nueva York. Aprende ingl\u00e9s y comienza a robar para comer. F\u00e1cilmente se da a conocer en el inframundo ilegal y comienza su propia mafia a la que llaman Los <img loading=\"lazy\" decoding=\"async\" class=\"alignleft  wp-image-5341\" src=\"https:\/\/www.cronicasliterarias.es\/wp-content\/uploads\/2021\/06\/whatifconan03-1-211x300.jpg\" alt=\"\" width=\"168\" height=\"238\" srcset=\"https:\/\/www.cronicasliterarias.es\/wp-content\/uploads\/2021\/06\/whatifconan03-1-211x300.jpg 211w, https:\/\/www.cronicasliterarias.es\/wp-content\/uploads\/2021\/06\/whatifconan03-1.jpg 231w\" sizes=\"auto, (max-width: 168px) 100vw, 168px\" \/>B\u00e1rbaros&#8230; Pelea \u00e9pica contra el Capit\u00e1n Am\u00e9rica. No digo m\u00e1s.<\/p>\n<p align=\"JUSTIFY\">Le sigue <em>\u00bfY si&#8230; Lobezno hubiera vivido en la Era de Conan El B\u00e1rbaro?<\/em> <em>\u00bfY si&#8230; se conocieran?<\/em> Este c\u00f3mic pertenece al Volumen 2 USA. Y bueno, el titulo ya os advierte del l\u00edo que se monta, \u00bfno? No soy muy de Lobezno, lo siento, pero es cierto que aqu\u00ed se juntan casi que dos t\u00edtulos donde a parte de los mamporros se brinda por el humor entre estos dos zoquetes, duros de mollera. As\u00ed que es f\u00e1cil. Si eres de<em> Conan<\/em> s\u00ed o s\u00ed, indispensable para ti este <em>Biblioteca Conan: What if&#8230;?, <\/em>y lo sabes.<\/p>\n","protected":false},"excerpt":{"rendered":"<p>Unos d\u00edas atr\u00e1s os rese\u00f1aba un fant\u00e1stico MLE de los grandes What if&#8230;? que tanto nos molaron a los ni\u00f1os de los 80 y que por fin se est\u00e1n recopilando en tomo. Pero, \u00bfninguno de ustedes ha pensado en la posibilidad de que se pudieran recoger en un solo volumen solo los que participa Conan? [&hellip;]<\/p>\n","protected":false},"author":4,"featured_media":0,"comment_status":"closed","ping_status":"closed","sticky":false,"template":"","format":"standard","meta":{"footnotes":""},"categories":[49,34,28,6],"tags":[231,11,218,10],"class_list":["post-5333","post","type-post","status-publish","format-standard","hentry","category-comics","category-fantasia","category-panini-comics","category-resenas","tag-biblioteca-conan","tag-j-j-castillo","tag-panini-comics-marvel","tag-resenas"],"_links":{"self":[{"href":"https:\/\/www.cronicasliterarias.es\/index.php?rest_route=\/wp\/v2\/posts\/5333","targetHints":{"allow":["GET"]}}],"collection":[{"href":"https:\/\/www.cronicasliterarias.es\/index.php?rest_route=\/wp\/v2\/posts"}],"about":[{"href":"https:\/\/www.cronicasliterarias.es\/index.php?rest_route=\/wp\/v2\/types\/post"}],"author":[{"embeddable":true,"href":"https:\/\/www.cronicasliterarias.es\/index.php?rest_route=\/wp\/v2\/users\/4"}],"replies":[{"embeddable":true,"href":"https:\/\/www.cronicasliterarias.es\/index.php?rest_route=%2Fwp%2Fv2%2Fcomments&post=5333"}],"version-history":[{"count":8,"href":"https:\/\/www.cronicasliterarias.es\/index.php?rest_route=\/wp\/v2\/posts\/5333\/revisions"}],"predecessor-version":[{"id":5349,"href":"https:\/\/www.cronicasliterarias.es\/index.php?rest_route=\/wp\/v2\/posts\/5333\/revisions\/5349"}],"wp:attachment":[{"href":"https:\/\/www.cronicasliterarias.es\/index.php?rest_route=%2Fwp%2Fv2%2Fmedia&parent=5333"}],"wp:term":[{"taxonomy":"category","embeddable":true,"href":"https:\/\/www.cronicasliterarias.es\/index.php?rest_route=%2Fwp%2Fv2%2Fcategories&post=5333"},{"taxonomy":"post_tag","embeddable":true,"href":"https:\/\/www.cronicasliterarias.es\/index.php?rest_route=%2Fwp%2Fv2%2Ftags&post=5333"}],"curies":[{"name":"wp","href":"https:\/\/api.w.org\/{rel}","templated":true}]}}