{"id":5351,"date":"2021-06-09T00:05:00","date_gmt":"2021-06-09T00:05:00","guid":{"rendered":"https:\/\/www.cronicasliterarias.es\/?p=5351"},"modified":"2021-06-09T09:52:06","modified_gmt":"2021-06-09T09:52:06","slug":"resena-quena-y-el-sacramus-vol-6-de-gos-y-walt","status":"publish","type":"post","link":"https:\/\/www.cronicasliterarias.es\/?p=5351","title":{"rendered":"Rese\u00f1a: Quena y El Sacram\u00fas Vol.6, de Gos y Walt"},"content":{"rendered":"<p align=\"JUSTIFY\"><img loading=\"lazy\" decoding=\"async\" class=\"alignleft  wp-image-5353\" src=\"https:\/\/www.cronicasliterarias.es\/wp-content\/uploads\/2021\/06\/Quena-y-el-SacramusCL.jpg\" alt=\"\" width=\"294\" height=\"413\" srcset=\"https:\/\/www.cronicasliterarias.es\/wp-content\/uploads\/2021\/06\/Quena-y-el-SacramusCL.jpg 460w, https:\/\/www.cronicasliterarias.es\/wp-content\/uploads\/2021\/06\/Quena-y-el-SacramusCL-214x300.jpg 214w\" sizes=\"auto, (max-width: 294px) 100vw, 294px\" \/>Sexto volumen de un t\u00edtulo ameno y divertido. Y aunque van seis integrales de esta chula recopilaci\u00f3n, sigo recordando que son c\u00f3mics que se disfrutan por si solos, que en un porcentaje muy alto apenas hay continuidad y que contienen aventuras independientes. De hecho, conozco a gente que se pilla solo los vol\u00famenes porque una o dos de las historias interiores le atrae. Otras, que solo pillan el integral por aventuras que no tienen en colecciones antiguas. Sea como fuere, <em>Quena y el Sacram\u00fas<\/em> no deja de ser otra maravilla del noveno arte que se publica actualmente en nuestro pa\u00eds gracias a Dolmen Editorial y su colecci\u00f3n Fuera Borda.<\/p>\n<p align=\"JUSTIFY\">El Sacram\u00fas (Le Scrameustache) es un animal extra\u00f1o y amigable que proviene de las estrellas. Con su amigo Quena (Khena), viaja por el universo para ayudar a todo habitante de la galaxia y as\u00ed desentra\u00f1ar los grandes misterios del Universo. Esta ser\u00eda la premisa general que define a\u00a0 <em>Quena y el Sacram\u00fas<\/em>, el c\u00f3mic cl\u00e1sico de la BD, otra de las chulas colecciones que se pudieron seguir en la famosa revista <em>Spirou<\/em>. Un titulo de los maestros Gos y Walt, que desde su aparici\u00f3n en 1972 consigui\u00f3 llegar a la friolera de 44 \u00e1lbumes. \u00a1Ah, otra buena serie de mi infancia lectora de c\u00f3mic europeo gracias a mi Tito Americano! Como en cualquier buen c\u00f3mic juvenil, lo que me seduce de esta saga son sus siempre variadas y originales aventuras con trasfondo de cl\u00e1sica Ciencia Ficci\u00f3n. Creo haber hablado de ella en alguna que otra conversaci\u00f3n comiquera con amigos; es ideal para hacer que tus peques se interesen por la CF, pues esta serie realmente <img loading=\"lazy\" decoding=\"async\" class=\"alignright  wp-image-5354\" src=\"https:\/\/www.cronicasliterarias.es\/wp-content\/uploads\/2021\/06\/Quena-y-el-Sacramus01-242x300.jpg\" alt=\"\" width=\"204\" height=\"253\" srcset=\"https:\/\/www.cronicasliterarias.es\/wp-content\/uploads\/2021\/06\/Quena-y-el-Sacramus01-242x300.jpg 242w, https:\/\/www.cronicasliterarias.es\/wp-content\/uploads\/2021\/06\/Quena-y-el-Sacramus01.jpg 439w\" sizes=\"auto, (max-width: 204px) 100vw, 204px\" \/>tiene todo para complacer, al menos, al p\u00fablico joven. Personajes entra\u00f1ables, tramas cautivadoras, buen humor en general&#8230; y sobre todo, \u00a1un dibujo magn\u00edfico! Que provoca una terrible nostalgia de los buenos tiempos pasados que uno\/a tuvo cuando en nuestra vida no hab\u00eda otra preocupaci\u00f3n que pensar en qu\u00e9 gastar el tiempo libre.<\/p>\n<p align=\"JUSTIFY\"><em>Quena y el Sacram\u00fas<\/em> es preciosista, nunca violenta, fresca, tramas con un ligero humor que apetece leerse mucho ahora que el calor aprieta, donde solo apetecen lecturas ligeras, no demasiado complicadas&#8230; \u00bfQui\u00e9n no brinda por una buena historia de CF mezclada con humor? Detallitos muy chulos que ayudan a forjar la imaginaci\u00f3n. Este sexto volumen contiene tres nuevos \u00e1lbumes. Hay que recordar que los padres, el hermano y la hermana de Quena se quedaron en el siglo XVI. Sin embargo, el padre de Quena prepara a sus hijos para un regreso al siglo XX creando un portal dimensional. Por su parte, Quena quiere ir a buscar a sus padres en el siglo XVI y recuperar, con el Sacram\u00fas, el platillo que qued\u00f3 en la luna. \u00bfPero qu\u00e9 ocurre cuando viajan en el tiempo y el portal desaparece? \u00bfY si la temida Peste de dicho siglo hubiera azotado la villa donde vive su familia? Todo esto se cuenta en <em>El Gran Regreso<\/em>.<\/p>\n<p align=\"JUSTIFY\">El siguiente \u00e1lbum es <em>El Origen del Sacram\u00fas<\/em>. Una genialidad que me ha encantado leer\/tener. Por que adem\u00e1s de contar el origen del \u201cbicho\u201d llamado Sacram\u00fas, la historia sirve como precuela al \u00e1lbum que inici\u00f3 esta maravillosa serie. Muestra a Najboul, un cient\u00edfico adelantado a su tiempo, y como lleva a cabo un experimento gen\u00e9tico destinado a crear un ser combinando con las cualidades de varios animales. As\u00ed naci\u00f3. Pero el \u00e9xito de Najboul despierta mucha <img loading=\"lazy\" decoding=\"async\" class=\"alignleft size-medium wp-image-5357\" src=\"https:\/\/www.cronicasliterarias.es\/wp-content\/uploads\/2021\/06\/Quena-y-el-Sacramus03-300x201.jpg\" alt=\"\" width=\"300\" height=\"201\" srcset=\"https:\/\/www.cronicasliterarias.es\/wp-content\/uploads\/2021\/06\/Quena-y-el-Sacramus03-300x201.jpg 300w, https:\/\/www.cronicasliterarias.es\/wp-content\/uploads\/2021\/06\/Quena-y-el-Sacramus03-768x514.jpg 768w, https:\/\/www.cronicasliterarias.es\/wp-content\/uploads\/2021\/06\/Quena-y-el-Sacramus03.jpg 830w\" sizes=\"auto, (max-width: 300px) 100vw, 300px\" \/>envidia, tanto entre sus eruditos colegas como entre los Stix, y Najboul es detenido&#8230;<\/p>\n<p align=\"JUSTIFY\"><em>Las Alaridesas<\/em> cierra este sexto integral. Donde la prometida del Renegado quiere sacar a su amado de la c\u00e1rcel y casarse con \u00e9l. Lo que se hace en presencia de los testigos, Quena y el Sacaram\u00fas. Adem\u00e1s, ella expresa el deseo de hacer su luna de miel en la isla de Aran, habitada por las Alaridesas, criaturas encantadoras pero f\u00e1cilmente irascibles. Pero, \u00bfy si aprovechara la oportunidad para vengarse de los galaxianos? Y peor a\u00fan, \u00bfy si apareciera un enemigo al que cre\u00edan derrotado? Siguiendo la opini\u00f3n de mi Tito Americano al que pregunt\u00e9 para esta rese\u00f1a que opini\u00f3n le quedaba tras haber le\u00eddo todo-todo de esta obra en su d\u00eda (record\u00e9 que era una de las que ley\u00f3 y coment\u00f3 que la disfrut\u00f3 mucho en su idioma original), os traslado lo que me dijo: \u00abDesafortunadamente, como cualquier saga, <em>The Scrameustache<\/em> dur\u00f3 demasiado. Y, por supuesto, despu\u00e9s de un tiempo, las historias comenzaron a ser algo repetitivas. Menos interesantes argumentalmente&#8230;, para un adulto. Pero esta percepci\u00f3n me vino despu\u00e9s de haber le\u00eddo unos veinticinco tomos. Lo que ya es de valorar. Adem\u00e1s, es una serie que huele bien de lejos. A perfume franc\u00e9s. Donde se puede encontrar intacto el encanto retro pero no anticuado de estos c\u00f3mics\u00bb.<\/p>\n<p align=\"JUSTIFY\">\u00bfEs bueno o no?<\/p>\n<p align=\"JUSTIFY\">Puedo decir sin verg\u00fcenza que me gust\u00f3 mucho esta serie y que desear\u00eda gozar de m\u00e1s integrales as\u00ed. El dibujo agradable que promov\u00eda la editorial o casa Dupuis al otro lado de los Pirineos; perfecta legibilidad, dinamismo de la l\u00ednea de dibujo, vivos colores que encienden el sentimiento, galer\u00eda de personajes rica y variada (un villano malo-maluto de los que no se olvidan), escenarios construidos muy al estilo f\u00edlmico&#8230; Autores que casi cincuenta a\u00f1os atr\u00e1s ya innovaban. <img loading=\"lazy\" decoding=\"async\" class=\"alignright  wp-image-5356\" src=\"https:\/\/www.cronicasliterarias.es\/wp-content\/uploads\/2021\/06\/Quena-y-el-Sacramus04.jpg\" alt=\"\" width=\"504\" height=\"164\" srcset=\"https:\/\/www.cronicasliterarias.es\/wp-content\/uploads\/2021\/06\/Quena-y-el-Sacramus04.jpg 833w, https:\/\/www.cronicasliterarias.es\/wp-content\/uploads\/2021\/06\/Quena-y-el-Sacramus04-300x98.jpg 300w, https:\/\/www.cronicasliterarias.es\/wp-content\/uploads\/2021\/06\/Quena-y-el-Sacramus04-768x250.jpg 768w\" sizes=\"auto, (max-width: 504px) 100vw, 504px\" \/>El mundo\/Los mundos que Gos crea en esta serie son guays. Las aventuras pueden recordar a las mejores historias de Peyo con <em>Los Pitufos<\/em>. Una compra ideal para disfrutar con tus hijos y para ti que siempre eres capaz de valorar un c\u00f3mic bien hecho.<\/p>\n","protected":false},"excerpt":{"rendered":"<p>Sexto volumen de un t\u00edtulo ameno y divertido. Y aunque van seis integrales de esta chula recopilaci\u00f3n, sigo recordando que son c\u00f3mics que se disfrutan por si solos, que en un porcentaje muy alto apenas hay continuidad y que contienen aventuras independientes. De hecho, conozco a gente que se pilla solo los vol\u00famenes porque una [&hellip;]<\/p>\n","protected":false},"author":4,"featured_media":0,"comment_status":"closed","ping_status":"closed","sticky":false,"template":"","format":"standard","meta":{"footnotes":""},"categories":[53,44,119,74,6],"tags":[194,120,11,10],"class_list":["post-5351","post","type-post","status-publish","format-standard","hentry","category-bd","category-comic-europeo","category-dolmen-editorial","category-integral","category-resenas","tag-comic-europeo-2021","tag-dolmen-editorial","tag-j-j-castillo","tag-resenas"],"_links":{"self":[{"href":"https:\/\/www.cronicasliterarias.es\/index.php?rest_route=\/wp\/v2\/posts\/5351","targetHints":{"allow":["GET"]}}],"collection":[{"href":"https:\/\/www.cronicasliterarias.es\/index.php?rest_route=\/wp\/v2\/posts"}],"about":[{"href":"https:\/\/www.cronicasliterarias.es\/index.php?rest_route=\/wp\/v2\/types\/post"}],"author":[{"embeddable":true,"href":"https:\/\/www.cronicasliterarias.es\/index.php?rest_route=\/wp\/v2\/users\/4"}],"replies":[{"embeddable":true,"href":"https:\/\/www.cronicasliterarias.es\/index.php?rest_route=%2Fwp%2Fv2%2Fcomments&post=5351"}],"version-history":[{"count":4,"href":"https:\/\/www.cronicasliterarias.es\/index.php?rest_route=\/wp\/v2\/posts\/5351\/revisions"}],"predecessor-version":[{"id":5360,"href":"https:\/\/www.cronicasliterarias.es\/index.php?rest_route=\/wp\/v2\/posts\/5351\/revisions\/5360"}],"wp:attachment":[{"href":"https:\/\/www.cronicasliterarias.es\/index.php?rest_route=%2Fwp%2Fv2%2Fmedia&parent=5351"}],"wp:term":[{"taxonomy":"category","embeddable":true,"href":"https:\/\/www.cronicasliterarias.es\/index.php?rest_route=%2Fwp%2Fv2%2Fcategories&post=5351"},{"taxonomy":"post_tag","embeddable":true,"href":"https:\/\/www.cronicasliterarias.es\/index.php?rest_route=%2Fwp%2Fv2%2Ftags&post=5351"}],"curies":[{"name":"wp","href":"https:\/\/api.w.org\/{rel}","templated":true}]}}