{"id":6157,"date":"2021-08-10T00:05:00","date_gmt":"2021-08-10T00:05:00","guid":{"rendered":"https:\/\/www.cronicasliterarias.es\/?p=6157"},"modified":"2025-12-28T09:25:13","modified_gmt":"2025-12-28T09:25:13","slug":"resena-harley-quinn-y-las-aves-de-presa-a-la-caza-de-harley-de-amanda-conner-y-jimmy-palmiotti","status":"publish","type":"post","link":"https:\/\/www.cronicasliterarias.es\/?p=6157","title":{"rendered":"Rese\u00f1a: Harley Quinn y las Aves de Presa. A la Caza de Harley"},"content":{"rendered":"<p align=\"JUSTIFY\"><img loading=\"lazy\" decoding=\"async\" class=\"alignright  wp-image-6159\" src=\"https:\/\/www.cronicasliterarias.es\/wp-content\/uploads\/2021\/08\/Harley_Quinn_Aves_Presa_Caza_Harley.jpg\" alt=\"\" width=\"262\" height=\"338\" srcset=\"https:\/\/www.cronicasliterarias.es\/wp-content\/uploads\/2021\/08\/Harley_Quinn_Aves_Presa_Caza_Harley.jpg 390w, https:\/\/www.cronicasliterarias.es\/wp-content\/uploads\/2021\/08\/Harley_Quinn_Aves_Presa_Caza_Harley-233x300.jpg 233w\" sizes=\"auto, (max-width: 262px) 100vw, 262px\" \/>Despu\u00e9s de alucinar muy mucho con <em>Escuadr\u00f3n Suicida 2<\/em>, uno (ya sab\u00e9is) se flipa, y se queda con gan\u00e1s de m\u00e1s Harley Quinn. Bueno, en realidad, de m\u00e1s de cada uno de esos personajes&#8230;, pero es que me encanta como est\u00e1 representada mi Harley Quinn en estas pelis. Y, sin duda, James Gunn, saca buen partido a ese pib\u00f3n que es Margot Robbie. Y ahora, que si <em>Escuadr\u00f3n Suicida 2<\/em> ha decepcionado en taquilla, que si su presupuesto era demasiado grande y no ha salido rentable, que si es demasiado sangrienta para ver con cr\u00edos&#8230; Quiz\u00e1s deber\u00edamos pensar en que el siempre magn\u00edfico James Gunn hace films para nosotros, para los friki-c\u00f3mics, para los que llevamos toda una vida leyendo, y no, para los que van al cine una tarde en familia, ven una peli, y ma\u00f1ana a otra cosa. Aunque las productores es cierto que miran mucho quedar bien con este tema&#8230;, pero en fin, a lo que vamos, que se te quedan una ganas de Harley Quinn y de c\u00f3mics DC en el cuerpo que alucinas.<\/p>\n<p align=\"JUSTIFY\">De cabeza fui entonces a por <em>Harley Quinn y las Aves de Presa<\/em> ahora que ECC Ediciones reci\u00e9n publica el tomo que recopila la miniserie de cuatro numeritos denominada <em>A la Caza de Harley.<\/em> Pues con la gran Amanda Conner y Jimmy Palmiotti, \u00bfqu\u00e9 podr\u00eda salir mal? Amanda Conner y Jimmy Palmiotti, el d\u00fao que actualiz\u00f3 a la <em>Harley Quinn<\/em> contempor\u00e1nea, ponen el broche de oro a su legendaria etapa en este volumen con un regalito al final como es el relato <em><img loading=\"lazy\" decoding=\"async\" class=\"alignleft  wp-image-6161\" src=\"https:\/\/www.cronicasliterarias.es\/wp-content\/uploads\/2021\/08\/Harley_Quinn_Aves_Presa_Caza_Harley02-300x231.jpg\" alt=\"\" width=\"197\" height=\"152\" srcset=\"https:\/\/www.cronicasliterarias.es\/wp-content\/uploads\/2021\/08\/Harley_Quinn_Aves_Presa_Caza_Harley02-300x231.jpg 300w, https:\/\/www.cronicasliterarias.es\/wp-content\/uploads\/2021\/08\/Harley_Quinn_Aves_Presa_Caza_Harley02.jpg 382w\" sizes=\"auto, (max-width: 197px) 100vw, 197px\" \/>Black + White + Red<\/em>. Entonces, \u00bfqu\u00e9 podr\u00eda salir mal? Pues nada. No insist\u00e1is. No se\u00e1is esos trolls de DC C\u00f3mics que siempre est\u00e1n atacando a todo lo que no sea Marvel. Es m\u00e1s, os aconsejo siempre disfrutar lo mejor de cada casa; las patatas y la ensalada del Burguer King, los Big-Mac del McDonald\u00b4s, la Coca-Cola sin Cafe\u00edna o la Pepsi Zero&#8230; Lo mejor de cada casa. Ser amplio de miras, que dec\u00eda el asno de <em>Shrek<\/em>&#8230;<\/p>\n<p align=\"JUSTIFY\">\u00bfRecuerdas cuando los c\u00f3mics sol\u00edan ser divertidos? \u00bfCuando la fantas\u00eda de los superh\u00e9roes no estaba empantanada con antih\u00e9roes haciendo muecas e historias intrincadas que se alargaban y se alargaban esquivando tu memoria? \u00bfRecuerdas cuando un c\u00f3mic de <em>Batman<\/em> conten\u00eda algo de alegr\u00eda? Los creadores de <em>A la Caza de Harley<\/em> lo hacen. Parecen haber acordado elaborar todas y cada una de las escenas c\u00f3micas que dan nombre al formato. Nos encontramos con Harley teniendo una <img loading=\"lazy\" decoding=\"async\" class=\"alignright  wp-image-6162\" src=\"https:\/\/www.cronicasliterarias.es\/wp-content\/uploads\/2021\/08\/Harley_Quinn_Aves_Presa_Caza_Harley01-300x280.jpg\" alt=\"\" width=\"189\" height=\"176\" srcset=\"https:\/\/www.cronicasliterarias.es\/wp-content\/uploads\/2021\/08\/Harley_Quinn_Aves_Presa_Caza_Harley01-300x280.jpg 300w, https:\/\/www.cronicasliterarias.es\/wp-content\/uploads\/2021\/08\/Harley_Quinn_Aves_Presa_Caza_Harley01.jpg 347w\" sizes=\"auto, (max-width: 189px) 100vw, 189px\" \/>pelea de amantes con Hiedra Venenosa (Poison Ivy) solo para terminar descubriendo que \u201clos malos\u201d han incendiado su casa. Afortunadamente, la banda de bichos raros e inadaptados que viven all\u00ed, salen casi ilesos. Pero Harley, frustrada, busca venganza. Se trata de un plan descabellado y un viaje a la ciudad de Gotham pero bueno, vale, de acuerdo&#8230; (sonr\u00ede c\u00ednicamente). Por supuesto, este tema no solo atrae la atenci\u00f3n de su antigua media naranja El Joker, tambi\u00e9n de todos y cada uno de esos villanos y superh\u00e9roes que algunas vez se toparon con ella.<\/p>\n<p align=\"JUSTIFY\">Se desata la locura.<\/p>\n<p align=\"JUSTIFY\">Un volumen que se sit\u00faa dentro del sello DC Black Label, lo que significa que se pueden usar palabrotas en insinuaciones sexuales, sin tener que preocuparse luego por las quejas de los conservadores. Pero es una trama tonta que no intenta sorprender al lector, por supuesto. Un c\u00f3mic palomitero, piscinero&#8230; y todo esos sin\u00f3nimos que se usan a d\u00eda de hoy para, simplemente, divertido. Un buen rato lector que aporta doquiera que te encuentres en este agosto efervescente. Y es que, \u00bfqui\u00e9n est\u00e1 tan loca como para robarle al Joker? Harley Quinn ha evitado Gotham City desde que rompi\u00f3 con ese t\u00edo de verde. No obstante, tras lo sucedido, se va a liar. Y aunque su ex le eche encima a los supervillanos locales <img loading=\"lazy\" decoding=\"async\" class=\"alignleft  wp-image-6163\" src=\"https:\/\/www.cronicasliterarias.es\/wp-content\/uploads\/2021\/08\/Harley_Quinn_Aves_Presa_Caza_Harley03-190x300.jpg\" alt=\"\" width=\"144\" height=\"227\" srcset=\"https:\/\/www.cronicasliterarias.es\/wp-content\/uploads\/2021\/08\/Harley_Quinn_Aves_Presa_Caza_Harley03-190x300.jpg 190w, https:\/\/www.cronicasliterarias.es\/wp-content\/uploads\/2021\/08\/Harley_Quinn_Aves_Presa_Caza_Harley03.jpg 238w\" sizes=\"auto, (max-width: 144px) 100vw, 144px\" \/>poniendo precio a su hermosa y te\u00f1ida cabecita, tambi\u00e9n est\u00e1n Canario Negro, la Cazadora, Renee Montoya y Cassandra Cain (\u00a1Las Aves de Presa!) para ayudarle en la contienda&#8230;<\/p>\n<p align=\"JUSTIFY\">Un c\u00f3mic lleno de bromas, puro Palmiotti a tope y el arte de Amanda Conner ideal para la ocasi\u00f3n, que no desperdicia una broma visual en cuanto el gui\u00f3n le da pie. Un c\u00f3mic muy dirigido a los que no quieren comerse mucho la cabeza con esta calor veraniega y (este si) muy disfrutable para todo tipo de edades. Al menos, as\u00ed lo veo yo.<\/p>\n","protected":false},"excerpt":{"rendered":"<p>Despu\u00e9s de alucinar muy mucho con Escuadr\u00f3n Suicida 2, uno (ya sab\u00e9is) se flipa, y se queda con gan\u00e1s de m\u00e1s Harley Quinn. Bueno, en realidad, de m\u00e1s de cada uno de esos personajes&#8230;, pero es que me encanta como est\u00e1 representada mi Harley Quinn en estas pelis. Y, sin duda, James Gunn, saca buen [&hellip;]<\/p>\n","protected":false},"author":4,"featured_media":0,"comment_status":"closed","ping_status":"closed","sticky":false,"template":"","format":"standard","meta":{"footnotes":""},"categories":[49,29,74,6],"tags":[173,73,11,10],"class_list":["post-6157","post","type-post","status-publish","format-standard","hentry","category-comics","category-ecc-ediciones","category-integral","category-resenas","tag-biblioteca-dc-black-label","tag-ecc-ediciones-dc-comics","tag-j-j-castillo","tag-resenas"],"_links":{"self":[{"href":"https:\/\/www.cronicasliterarias.es\/index.php?rest_route=\/wp\/v2\/posts\/6157","targetHints":{"allow":["GET"]}}],"collection":[{"href":"https:\/\/www.cronicasliterarias.es\/index.php?rest_route=\/wp\/v2\/posts"}],"about":[{"href":"https:\/\/www.cronicasliterarias.es\/index.php?rest_route=\/wp\/v2\/types\/post"}],"author":[{"embeddable":true,"href":"https:\/\/www.cronicasliterarias.es\/index.php?rest_route=\/wp\/v2\/users\/4"}],"replies":[{"embeddable":true,"href":"https:\/\/www.cronicasliterarias.es\/index.php?rest_route=%2Fwp%2Fv2%2Fcomments&post=6157"}],"version-history":[{"count":9,"href":"https:\/\/www.cronicasliterarias.es\/index.php?rest_route=\/wp\/v2\/posts\/6157\/revisions"}],"predecessor-version":[{"id":20217,"href":"https:\/\/www.cronicasliterarias.es\/index.php?rest_route=\/wp\/v2\/posts\/6157\/revisions\/20217"}],"wp:attachment":[{"href":"https:\/\/www.cronicasliterarias.es\/index.php?rest_route=%2Fwp%2Fv2%2Fmedia&parent=6157"}],"wp:term":[{"taxonomy":"category","embeddable":true,"href":"https:\/\/www.cronicasliterarias.es\/index.php?rest_route=%2Fwp%2Fv2%2Fcategories&post=6157"},{"taxonomy":"post_tag","embeddable":true,"href":"https:\/\/www.cronicasliterarias.es\/index.php?rest_route=%2Fwp%2Fv2%2Ftags&post=6157"}],"curies":[{"name":"wp","href":"https:\/\/api.w.org\/{rel}","templated":true}]}}