{"id":6385,"date":"2021-08-27T00:05:00","date_gmt":"2021-08-27T00:05:00","guid":{"rendered":"https:\/\/www.cronicasliterarias.es\/?p=6385"},"modified":"2021-08-28T08:40:57","modified_gmt":"2021-08-28T08:40:57","slug":"resena-libertalia-de-rudi-miel-fabienne-pigiere-y-paolo-grella-corregir","status":"publish","type":"post","link":"https:\/\/www.cronicasliterarias.es\/?p=6385","title":{"rendered":"Rese\u00f1a: Libertalia, de Rudi Miel, Fabienne Pigi\u00e8re y Paolo Grella"},"content":{"rendered":"<p align=\"JUSTIFY\"><img loading=\"lazy\" decoding=\"async\" class=\"alignleft  wp-image-6387\" src=\"https:\/\/www.cronicasliterarias.es\/wp-content\/uploads\/2021\/08\/libertalia.jpeg\" alt=\"\" width=\"282\" height=\"382\" srcset=\"https:\/\/www.cronicasliterarias.es\/wp-content\/uploads\/2021\/08\/libertalia.jpeg 452w, https:\/\/www.cronicasliterarias.es\/wp-content\/uploads\/2021\/08\/libertalia-221x300.jpeg 221w\" sizes=\"auto, (max-width: 282px) 100vw, 282px\" \/>En veranito, no dig\u00e1is que no pega una de piratas. Apetece, sobre todo, cuando tienes frente a ti al Gran Azul y su constante oleaje. Para colmo, me inspira much\u00edsimo el lugar onde me encuentro pues un par de kil\u00f3metros mar adentro, se ve desde la orilla los restos de un barco semi-derruido que lucha cada d\u00eda, cada hora y cada minuto por no bajarse al fonde a morir. Son los restos de un peque\u00f1o buque granelero que tra\u00eda arroz al pueblo en el pasado siglo y encall\u00f3 por esa zona. Nunca m\u00e1s pudieron sacarlo de ah\u00ed. Desde entonces, y ahora, lo utilizan algunos pescadores como fondeadero para trincar ciertos moluscos que se apegan a la base, proa, popa, a todas y cada una de las zonas pues se podr\u00eda decir que es uno de los baluartes de moda entre cierto peque\u00f1ezuelos mar\u00edtimos. Por lo que es un reclamo alimenticio y no solo hablo del ser humano. Dicen que por l\u00e9l se invent\u00f3 el dicho: <em>M\u00e1s lento que el barco del arroz&#8230;<\/em>, que tra\u00eda comida al pueblo en malos a\u00f1os y nunca lleg\u00f3. En fin, que me voy por la barandilla. Que en sitios as\u00ed dan unas ganas tremendas de leer una buena historia de piratas. Eso quiero decir. Y di con un precioso c\u00f3mic europeo que reci\u00e9n publica Norma Editorial. Donde encontr\u00e9, sin duda, mi \u00abbarco del arroz\u00bb. Un titulo con una pinta tremenda tanto por dentro como por fuera. <em>Libertalia<\/em>, un nombre que evoca alta mar, navegantes y pirateo por lo cuatro costados. Y m\u00e1s ahora que sus tres \u00e1lbumes se recogen en un integral.<\/p>\n<p align=\"JUSTIFY\"><img loading=\"lazy\" decoding=\"async\" class=\"alignright size-medium wp-image-6388\" src=\"https:\/\/www.cronicasliterarias.es\/wp-content\/uploads\/2021\/08\/libertalia00-300x149.jpeg\" alt=\"\" width=\"300\" height=\"149\" srcset=\"https:\/\/www.cronicasliterarias.es\/wp-content\/uploads\/2021\/08\/libertalia00-300x149.jpeg 300w, https:\/\/www.cronicasliterarias.es\/wp-content\/uploads\/2021\/08\/libertalia00.jpeg 699w\" sizes=\"auto, (max-width: 300px) 100vw, 300px\" \/>Una utop\u00eda pirata, una ciudad de hombres libres, as\u00ed se denomina <em>Libertalia<\/em>, pues la idea surge nada m\u00e1s y nada menos que del propio Daniel Defoe, autor de <em>Robinson Crusoe<\/em>, el cual, en uno de sus escritos, habla de una colonia, un para\u00edso libertario fundado por piratas y Defoe lo situ\u00f3 cerca de Madagascar a principios del siglo XVIII. O quiz\u00e1s fuera la propia isla. Pero ahora los guionistas Rudi Miel, Fabienne Pigi\u00e8re y el ilustrador Paolo Grella van a trasladarnos a ella, y a la locura de un caballero franc\u00e9s destrozado, Misson, y de un sacerdote italiano desali\u00f1ado llamado Carracioli, ambos luchando contra los esplendores de la Iglesia.<\/p>\n<p align=\"JUSTIFY\">Pero \u00bfexisti\u00f3 realmente esta colonia pirata? \u00bfO naci\u00f3, como muchos defienden, de la imaginaci\u00f3n de Defoe y el sue\u00f1o de muchos? Dicha m\u00edtica colonia en la que los piratas crearon una sociedad de justos e iguales, s\u00ed que existe en <em>Libertalia<\/em>, donde la podremos conocer muy bien desde dentro. Es la ciudad ut\u00f3pica por excelencia, la oscuridad y la luz chocan en una lucha a muerte, sin vencedores, ni vencidos. La trama de este c\u00f3mic se centra en la historia de un caballero franc\u00e9s y su amigo, un sacerdote que incumpli\u00f3 las Sagradas \u00d3rdenes; mas, se puede decir que realmente es una recopilaci\u00f3n de los sucesos acaecidos a la tripulaci\u00f3n de un barco&#8230;, al menos, al principio. Todo centrado en dos personajes que se llegan a desarrollar m\u00e1s que otros. Una ciudad libertaria fundada por piratas, con un caballero franc\u00e9s venido a menos y un sacerdote como compa\u00f1ero de dramas. Pero en esencia, un joven noble perseguido por <img loading=\"lazy\" decoding=\"async\" class=\"alignleft size-medium wp-image-6392\" src=\"https:\/\/www.cronicasliterarias.es\/wp-content\/uploads\/2021\/08\/libertalia03-300x118.jpeg\" alt=\"\" width=\"300\" height=\"118\" srcset=\"https:\/\/www.cronicasliterarias.es\/wp-content\/uploads\/2021\/08\/libertalia03-300x118.jpeg 300w, https:\/\/www.cronicasliterarias.es\/wp-content\/uploads\/2021\/08\/libertalia03.jpeg 626w\" sizes=\"auto, (max-width: 300px) 100vw, 300px\" \/>sublevarse y disparar contra un vizconde que traficaba con esclavos y los torturaba y un cura que se opone a los abusos de la Iglesia contra los m\u00e1s pobres. Ambos se embarcan (nunca mejor dicho) en una historia que los llevar\u00e1 a las Indias Occidentales para fundar una ciudad de ensue\u00f1o.<\/p>\n<p align=\"JUSTIFY\">O eso desean.<\/p>\n<p align=\"JUSTIFY\">Entre pirater\u00eda, aventura y reflejos que presagian el Siglo de las Luces, Fabienne Pigi\u00e8re y Rudi Miel nos hacen viajar m\u00e1s r\u00e1pido que el viento, sobre todo, en el primer \u00e1lbum. No hay tiempo para aburrirse en<em> Triunfo o Muerte.<\/em> Parece que los autores tienen mucho que contar y as\u00ed empiezan, de este modo, se esbozan r\u00e1pidamente las motivaciones de los dos personajes principales para sumergir r\u00e1pidamente al lector en la acci\u00f3n. De este lado, las batallas, las batallas navales, los encuentros con nativos amenazadores, se suceden a ritmo fren\u00e9tico. Acompa\u00f1ados de la presentaci\u00f3n del \u00abvillano de servicio\u00bb, el innoble Dalbarade. Pero si eres capaz de abstraerte un poco del alto ritmo, ver\u00e1s que tambi\u00e9n hay tiempo para la aclimataci\u00f3n a dicho mundo, a dicho siglo, a un entorno ex\u00f3tico donde la humedad se vuelve agobiante&#8230; Genial inicio.<\/p>\n<p align=\"JUSTIFY\"><img loading=\"lazy\" decoding=\"async\" class=\"aligncenter  wp-image-6391\" src=\"https:\/\/www.cronicasliterarias.es\/wp-content\/uploads\/2021\/08\/libertalia02.jpeg\" alt=\"\" width=\"572\" height=\"267\" srcset=\"https:\/\/www.cronicasliterarias.es\/wp-content\/uploads\/2021\/08\/libertalia02.jpeg 683w, https:\/\/www.cronicasliterarias.es\/wp-content\/uploads\/2021\/08\/libertalia02-300x140.jpeg 300w\" sizes=\"auto, (max-width: 572px) 100vw, 572px\" \/><\/p>\n<p align=\"JUSTIFY\">\u00bfLibertalia naci\u00f3 en 1697, en Madagascar, de la imaginaci\u00f3n de Daniel Defoe o de la locura de dos hombres rompiendo con su tiempo? Esa es la premisa que se mueve en el segundo \u00e1lbum de este tr\u00edptico que se llama<em> Las Murallas del Ed\u00e9n<\/em>. El Ed\u00e9n de Misson y Caraccioli que se va construyendo poco a poco. Ambos hombres ven sus ideales materializados en un modelo de sociedad igualitaria. Pero no est\u00e1n solos en la isla. Adem\u00e1s, la pereza natural de algunos, la violencia de otros y el resurgimiento de los viejos h\u00e1bitos est\u00e1n minando gradualmente el funcionamiento de la colonia. A todo esto hay que sumar la amenaza externa personificada en el corsario Dalbarade que es porculero como pocos.<\/p>\n<p align=\"JUSTIFY\">Cierra <em>Los Caminos del Infierno<\/em>. Donde su titulo es m\u00e1s que obvio para describir como hay que luchar por algo, duramente, si no quieres que se vaya a pique. Aunque ciertas cosas, en esta vida, son inevitables.<\/p>\n<p align=\"JUSTIFY\">El dibujo de Paolo Grella es particularmente atractivo. Inspirado en los grandes de la \u00e9poca dorada del c\u00f3mic italiano, tambi\u00e9n evoca a veces el del discreto Ren\u00e9 Follet. La elecci\u00f3n de sus colores, cosa del pasado, puede sorprender. Pero en conjunto, llevado por un corte muy din\u00e1mico, encontramos un dibujo muy efectivo, tanto que despert\u00f3 mi curiosidad por buscar m\u00e1s trabajos de este dise\u00f1ador.<\/p>\n<p align=\"JUSTIFY\"><img loading=\"lazy\" decoding=\"async\" class=\"aligncenter  wp-image-6390\" src=\"https:\/\/www.cronicasliterarias.es\/wp-content\/uploads\/2021\/08\/libertalia04.jpeg\" alt=\"\" width=\"693\" height=\"184\" srcset=\"https:\/\/www.cronicasliterarias.es\/wp-content\/uploads\/2021\/08\/libertalia04.jpeg 920w, https:\/\/www.cronicasliterarias.es\/wp-content\/uploads\/2021\/08\/libertalia04-300x80.jpeg 300w, https:\/\/www.cronicasliterarias.es\/wp-content\/uploads\/2021\/08\/libertalia04-768x204.jpeg 768w\" sizes=\"auto, (max-width: 693px) 100vw, 693px\" \/><\/p>\n<p align=\"JUSTIFY\">Una gloriosa vuelta al g\u00e9nero filibustero.<\/p>\n","protected":false},"excerpt":{"rendered":"<p>En veranito, no dig\u00e1is que no pega una de piratas. Apetece, sobre todo, cuando tienes frente a ti al Gran Azul y su constante oleaje. Para colmo, me inspira much\u00edsimo el lugar onde me encuentro pues un par de kil\u00f3metros mar adentro, se ve desde la orilla los restos de un barco semi-derruido que lucha [&hellip;]<\/p>\n","protected":false},"author":4,"featured_media":0,"comment_status":"closed","ping_status":"closed","sticky":false,"template":"","format":"standard","meta":{"footnotes":""},"categories":[53,44,74,30,6],"tags":[194,11,22,250,10],"class_list":["post-6385","post","type-post","status-publish","format-standard","hentry","category-bd","category-comic-europeo","category-integral","category-norma-editorial","category-resenas","tag-comic-europeo-2021","tag-j-j-castillo","tag-norma-editorial","tag-piratas","tag-resenas"],"_links":{"self":[{"href":"https:\/\/www.cronicasliterarias.es\/index.php?rest_route=\/wp\/v2\/posts\/6385","targetHints":{"allow":["GET"]}}],"collection":[{"href":"https:\/\/www.cronicasliterarias.es\/index.php?rest_route=\/wp\/v2\/posts"}],"about":[{"href":"https:\/\/www.cronicasliterarias.es\/index.php?rest_route=\/wp\/v2\/types\/post"}],"author":[{"embeddable":true,"href":"https:\/\/www.cronicasliterarias.es\/index.php?rest_route=\/wp\/v2\/users\/4"}],"replies":[{"embeddable":true,"href":"https:\/\/www.cronicasliterarias.es\/index.php?rest_route=%2Fwp%2Fv2%2Fcomments&post=6385"}],"version-history":[{"count":12,"href":"https:\/\/www.cronicasliterarias.es\/index.php?rest_route=\/wp\/v2\/posts\/6385\/revisions"}],"predecessor-version":[{"id":6406,"href":"https:\/\/www.cronicasliterarias.es\/index.php?rest_route=\/wp\/v2\/posts\/6385\/revisions\/6406"}],"wp:attachment":[{"href":"https:\/\/www.cronicasliterarias.es\/index.php?rest_route=%2Fwp%2Fv2%2Fmedia&parent=6385"}],"wp:term":[{"taxonomy":"category","embeddable":true,"href":"https:\/\/www.cronicasliterarias.es\/index.php?rest_route=%2Fwp%2Fv2%2Fcategories&post=6385"},{"taxonomy":"post_tag","embeddable":true,"href":"https:\/\/www.cronicasliterarias.es\/index.php?rest_route=%2Fwp%2Fv2%2Ftags&post=6385"}],"curies":[{"name":"wp","href":"https:\/\/api.w.org\/{rel}","templated":true}]}}