{"id":6446,"date":"2021-08-31T00:05:00","date_gmt":"2021-08-31T00:05:00","guid":{"rendered":"https:\/\/www.cronicasliterarias.es\/?p=6446"},"modified":"2021-08-31T11:05:22","modified_gmt":"2021-08-31T11:05:22","slug":"resena-la-sabiduria-de-los-mitos-heracles-de-luc-ferry-clotilde-bruneau-didier-poli-carlos-rafael-duarte-y-annabel","status":"publish","type":"post","link":"https:\/\/www.cronicasliterarias.es\/?p=6446","title":{"rendered":"Rese\u00f1a: La Sabidur\u00eda de los Mitos. Heracles, de Luc Ferry, Clotilde Bruneau, Didier Poli, Carlos Rafael Duarte y Annabel"},"content":{"rendered":"<p align=\"JUSTIFY\"><img loading=\"lazy\" decoding=\"async\" class=\"alignright  wp-image-6448\" src=\"https:\/\/www.cronicasliterarias.es\/wp-content\/uploads\/2021\/09\/Heracles-733x1024.jpg\" alt=\"\" width=\"291\" height=\"406\" srcset=\"https:\/\/www.cronicasliterarias.es\/wp-content\/uploads\/2021\/09\/Heracles-733x1024.jpg 733w, https:\/\/www.cronicasliterarias.es\/wp-content\/uploads\/2021\/09\/Heracles-215x300.jpg 215w, https:\/\/www.cronicasliterarias.es\/wp-content\/uploads\/2021\/09\/Heracles-768x1073.jpg 768w, https:\/\/www.cronicasliterarias.es\/wp-content\/uploads\/2021\/09\/Heracles.jpg 948w\" sizes=\"auto, (max-width: 291px) 100vw, 291px\" \/>El buen amante del c\u00f3mic europeo siempre tiene puesto un ojo en Yermo Ediciones y sus novedades. Son una editorial que raro es el mes que no trae una obra recomendable; una joyita, un nuevo tomo m\u00e1s de una serie joyita o un t\u00edtulo inesperado que uno no cre\u00eda poder ver publicado en nuestro pa\u00eds. Es el caso de <em>Heracles<\/em>. La g\u00e9nesis del que es para m\u00ed el mayor h\u00e9roe de la mitolog\u00eda griega, pese a ser denostado por tantos otros o modificado por los siempre copiotas romanos (H\u00e9rcules). Heracles es mi favorito. De hecho, intento leer toda obra que lleve como titulo o trate la vida de este h\u00e9roe que como bien se comenta en el reportaje fotogr\u00e1fico a modo enciclop\u00e9dico que cierra el tomo: es un h\u00e9roe bastante parad\u00f3jico. Y ya mi dir\u00e9is si no termina de empujar a ello el enorme portad\u00f3n que trae esta historia en tres cap\u00edtulos. Un tr\u00edptico que viene a enriquecer la colecci\u00f3n fundada por Luc Ferry sobre mitolog\u00eda de la que Yermo Ediciones ya se ha pronunciado a que publicar\u00e1 m\u00e1s t\u00edtulos al ser obras cerradas. Esta en especial, trata sobre el gran h\u00e9roe de la mitolog\u00eda griega que bien merece que se recuerde su historia y moraleja una y otra vez. Sus haza\u00f1as. Y no sab\u00eda si Clotilde Bruneau (guionista oficial de la colecci\u00f3n) lograr\u00eda evocar todo lo que me gusta de este ser. Al menos, lo que yo entiendo como m\u00e1s importante. Pues hubiera sido inconcebible que una colecci\u00f3n de c\u00f3mics sobre mitolog\u00eda griega no abordara uno de sus personajes m\u00e1s ic\u00f3nicos de la forma m\u00e1s certera. Pero est\u00e1 hecho. Est\u00e1 aqu\u00ed. Y en nuestro pa\u00eds. Un volumen que toma bien la historia desde su origen, antes del nacimiento de Heracles y su temprana juventud, para despu\u00e9s detenerse <img loading=\"lazy\" decoding=\"async\" class=\"alignleft  wp-image-6449\" src=\"https:\/\/www.cronicasliterarias.es\/wp-content\/uploads\/2021\/09\/Heracles02-300x287.jpg\" alt=\"\" width=\"194\" height=\"186\" srcset=\"https:\/\/www.cronicasliterarias.es\/wp-content\/uploads\/2021\/09\/Heracles02-300x287.jpg 300w, https:\/\/www.cronicasliterarias.es\/wp-content\/uploads\/2021\/09\/Heracles02.jpg 433w\" sizes=\"auto, (max-width: 194px) 100vw, 194px\" \/>justo antes de la prueba de Los Doce Trabajos (o las diez obras que por culpa de Hera se convirtieron en doce). El qu\u00e9 hacer para la remisi\u00f3n de su crimen.<\/p>\n<p align=\"JUSTIFY\">\u00bfY qu\u00e9 hizo para tal castigo? Heracles, en un arrebato de locura provocado por Hera, mat\u00f3 a su mujer, a sus hijos y a dos de sus sobrinos con sus propias manos. Un horror. Tanto que se desmay\u00f3 y al despertar y descubrir los terribles actos que hab\u00eda cometido, sinti\u00f3 un terrible dolor, y avergonzado, se aisl\u00f3 de la sociedad y\u00e9ndose a vivir a tierras salvajes. Pero tras una larga b\u00fasqueda, fue hallado por su hermano \u00cdficles, que le convenci\u00f3 de que fuera a hablar con el Or\u00e1culo de Delfos. Y en penitencia por este execrable acto, la congregada sibila le dijo que tendr\u00eda que llevar a cabo una serie de trabajos que le impondr\u00eda Euristeo, ni m\u00e1s ni menos; el hombre que hab\u00eda usurpado su leg\u00edtimo derecho a la corona y a quien m\u00e1s odia Heracles. Pero Hera malmeter\u00e1 para intentar que no tenga \u00e9xito en esta nueva aventura.<\/p>\n<p align=\"JUSTIFY\">S\u00ed que tengo que decir que este c\u00f3mic trata la historia quiz\u00e1s de forma un poco erudita. O esa es mi impresi\u00f3n. Pero se mantiene fiel a los relatos mitol\u00f3gicos y no muy tarde se vuelve f\u00e1cil de digerir. Se vuelve interesante, sobre todo, desde el mismo momento en que Heracles demuestra que ya desde la cuna viene para darnos momentos \u00e9picos. Como cuando asfixia a las dos serpientes enviadas por Hera a su cuna para matarlo. Desde muy peque\u00f1o, Heracles ya <img loading=\"lazy\" decoding=\"async\" class=\"alignright  wp-image-6452\" src=\"https:\/\/www.cronicasliterarias.es\/wp-content\/uploads\/2021\/09\/Heracles00.jpg\" alt=\"\" width=\"234\" height=\"252\" srcset=\"https:\/\/www.cronicasliterarias.es\/wp-content\/uploads\/2021\/09\/Heracles00.jpg 383w, https:\/\/www.cronicasliterarias.es\/wp-content\/uploads\/2021\/09\/Heracles00-278x300.jpg 278w\" sizes=\"auto, (max-width: 234px) 100vw, 234px\" \/>muestra la fuerza heredada de su divino padre. Comienza as\u00ed. Y como lector ya sabes que la mayor\u00eda de las haza\u00f1as del h\u00e9roe se mostrar\u00e1n de forma eleg\u00edaca. Pero, esperad, esperad, \u00bfy si os dijera que aqu\u00ed se cuentan otras cosas? Dice la sinopsis que para proteger la armon\u00eda c\u00f3smica, Zeus desea enviar a la Tierra a un hijo que pueda luchar contra los poderes destructores del caos, un hijo que, al crecer, har\u00e1 gala de unos talentos fuera de lo com\u00fan, entre ellos una fuerza inusitada. Pero su nombre y muy pronto su vida, se enfrentar\u00e1 a extremos contrapuestos. Un palad\u00edn que se enfrentar\u00e1 a su propia naturaleza ca\u00f3tica y violenta para llevar a cabo los doce trabajos con los que Hera, la esposa de Zeus, pretende detener sus avances por el mundo.<\/p>\n<p align=\"JUSTIFY\">Para los amantes de la mitolog\u00eda como yo, es un placer leer tomos as\u00ed. Es obvio que para el que conozca bien la historia, no aprender\u00e1 nada exceptuando alg\u00fan que otro detallito que los autores aportan como propio y original. Pero para otros que no est\u00e9n familiarizados con las haza\u00f1as del h\u00e9roe, este es c\u00f3mic genial. Y tambi\u00e9n para los que desean gozar una y otra vez de esta trama dise\u00f1ada y\/o dirigida por diferentes autores, con un dibujo potente, muy del estilo anime cl\u00e1sico que Annabel (Cap\u00edtulo 1: <em>La Juventud del H\u00e9roe<\/em>) y Carlos Rafael Duarte (Cap\u00edtulo 2 y 3: <em>Los Doce Trabajos<\/em> y <em>La Apoteosis del Semidi\u00f3s<\/em>) entregan a los lectores. Dibujos que dan a la trama mucha fluidez.<\/p>\n<p align=\"JUSTIFY\"><img loading=\"lazy\" decoding=\"async\" class=\"alignleft  wp-image-6451\" src=\"https:\/\/www.cronicasliterarias.es\/wp-content\/uploads\/2021\/09\/Heracles05.jpg\" alt=\"\" width=\"554\" height=\"191\" srcset=\"https:\/\/www.cronicasliterarias.es\/wp-content\/uploads\/2021\/09\/Heracles05.jpg 869w, https:\/\/www.cronicasliterarias.es\/wp-content\/uploads\/2021\/09\/Heracles05-300x104.jpg 300w, https:\/\/www.cronicasliterarias.es\/wp-content\/uploads\/2021\/09\/Heracles05-768x265.jpg 768w\" sizes=\"auto, (max-width: 554px) 100vw, 554px\" \/>Luc Ferry es el creador de la colecci\u00f3n <em>La Sabidur\u00eda de los Mitos<\/em> donde se adaptar\u00e1 de forma profesional y hermosa los grandes mitos del paganismo cl\u00e1sico europeo. Que una editorial haya decidido traer estos titulos a este lado de los Pirineos, sin duda, es algo para celebrar.<\/p>\n","protected":false},"excerpt":{"rendered":"<p>El buen amante del c\u00f3mic europeo siempre tiene puesto un ojo en Yermo Ediciones y sus novedades. Son una editorial que raro es el mes que no trae una obra recomendable; una joyita, un nuevo tomo m\u00e1s de una serie joyita o un t\u00edtulo inesperado que uno no cre\u00eda poder ver publicado en nuestro pa\u00eds. [&hellip;]<\/p>\n","protected":false},"author":4,"featured_media":0,"comment_status":"closed","ping_status":"closed","sticky":false,"template":"","format":"standard","meta":{"footnotes":""},"categories":[44,74,6,104],"tags":[194,11,10,105],"class_list":["post-6446","post","type-post","status-publish","format-standard","hentry","category-comic-europeo","category-integral","category-resenas","category-yermo-ediciones","tag-comic-europeo-2021","tag-j-j-castillo","tag-resenas","tag-yermo-ediciones"],"_links":{"self":[{"href":"https:\/\/www.cronicasliterarias.es\/index.php?rest_route=\/wp\/v2\/posts\/6446","targetHints":{"allow":["GET"]}}],"collection":[{"href":"https:\/\/www.cronicasliterarias.es\/index.php?rest_route=\/wp\/v2\/posts"}],"about":[{"href":"https:\/\/www.cronicasliterarias.es\/index.php?rest_route=\/wp\/v2\/types\/post"}],"author":[{"embeddable":true,"href":"https:\/\/www.cronicasliterarias.es\/index.php?rest_route=\/wp\/v2\/users\/4"}],"replies":[{"embeddable":true,"href":"https:\/\/www.cronicasliterarias.es\/index.php?rest_route=%2Fwp%2Fv2%2Fcomments&post=6446"}],"version-history":[{"count":8,"href":"https:\/\/www.cronicasliterarias.es\/index.php?rest_route=\/wp\/v2\/posts\/6446\/revisions"}],"predecessor-version":[{"id":6460,"href":"https:\/\/www.cronicasliterarias.es\/index.php?rest_route=\/wp\/v2\/posts\/6446\/revisions\/6460"}],"wp:attachment":[{"href":"https:\/\/www.cronicasliterarias.es\/index.php?rest_route=%2Fwp%2Fv2%2Fmedia&parent=6446"}],"wp:term":[{"taxonomy":"category","embeddable":true,"href":"https:\/\/www.cronicasliterarias.es\/index.php?rest_route=%2Fwp%2Fv2%2Fcategories&post=6446"},{"taxonomy":"post_tag","embeddable":true,"href":"https:\/\/www.cronicasliterarias.es\/index.php?rest_route=%2Fwp%2Fv2%2Ftags&post=6446"}],"curies":[{"name":"wp","href":"https:\/\/api.w.org\/{rel}","templated":true}]}}