{"id":7166,"date":"2021-10-23T00:05:00","date_gmt":"2021-10-23T00:05:00","guid":{"rendered":"https:\/\/www.cronicasliterarias.es\/?p=7166"},"modified":"2021-10-23T10:49:14","modified_gmt":"2021-10-23T10:49:14","slug":"resena-celestia-de-manuele-fior","status":"publish","type":"post","link":"https:\/\/www.cronicasliterarias.es\/?p=7166","title":{"rendered":"Rese\u00f1a: Celestia, de Manuele Fior"},"content":{"rendered":"<p align=\"JUSTIFY\"><img loading=\"lazy\" decoding=\"async\" class=\"alignright  wp-image-7168\" src=\"https:\/\/www.cronicasliterarias.es\/wp-content\/uploads\/2021\/10\/celestia.jpg\" alt=\"\" width=\"269\" height=\"373\" srcset=\"https:\/\/www.cronicasliterarias.es\/wp-content\/uploads\/2021\/10\/celestia.jpg 436w, https:\/\/www.cronicasliterarias.es\/wp-content\/uploads\/2021\/10\/celestia-217x300.jpg 217w\" sizes=\"auto, (max-width: 269px) 100vw, 269px\" \/><em>Celestia<\/em> es la utop\u00eda que propone Manuele Fior. Una isla en una laguna que sirve de refugio ante una misteriosa invasi\u00f3n (\u00bfGuerra?). El escenario ya desde el principio es atractivo, a la vez que precioso, te lleva de todas-todas a pensar en la Venecia de agua omnipresente, los escasos habitantes movi\u00e9ndose en barco&#8230; Algunos usan m\u00e1scaras como en el carnaval. Me encant\u00f3 que el personaje principal usara maquillaje con una gran l\u00e1grima de Pierrot bajo del ojo derecho&#8230; \u00a1Y con su nombre!<\/p>\n<p align=\"JUSTIFY\">Salamandra Graphic es el sello de Penguin Libros que publica novelas gr\u00e1ficas en nuestro pa\u00eds. Se puede decir (y no pasa n\u00e1) que es la mejor editorial que se dedica a este formato propiamente dicho. Por eso siempre tengo un ojo puesto en sus publicaciones. Y m\u00e1s cuando mi sistema de alarma me avis\u00f3 que publicar\u00edan <em>Celestia<\/em>, de Manuele Fior, una de las utop\u00edas m\u00e1s aclamadas de los \u00faltimos tiempos dentro del c\u00f3mic europeo. Tal como cuenta la editorial: el esperado regreso del autor despu\u00e9s de siete a\u00f1os.<\/p>\n<p align=\"JUSTIFY\">Manuele Fior regresa con una f\u00e1bula sobre la capacidad de los m\u00e1s j\u00f3venes para solucionar los problemas del viejo mundo. Un mundo alternativo, diferente y al mismo tiempo, similar al nuestro. Casi trescientas p\u00e1ginas para una historia que se devora en nada. <img loading=\"lazy\" decoding=\"async\" class=\"alignleft  wp-image-7169\" src=\"https:\/\/www.cronicasliterarias.es\/wp-content\/uploads\/2021\/10\/celestia01-165x300.jpg\" alt=\"\" width=\"116\" height=\"211\" srcset=\"https:\/\/www.cronicasliterarias.es\/wp-content\/uploads\/2021\/10\/celestia01-165x300.jpg 165w, https:\/\/www.cronicasliterarias.es\/wp-content\/uploads\/2021\/10\/celestia01.jpg 260w\" sizes=\"auto, (max-width: 116px) 100vw, 116px\" \/>En <em>Celestia<\/em> claramente estamos ante uno de los registros usados de la CF d\u00f3nde se nos habla de una ciudad poblada, aislada, parecida a la nuestra pero con alguna diferencia. Aqu\u00ed, por ejemplo, sus habitantes gozan de poderes telep\u00e1ticos. Las relaciones entre los personajes, el pasado que les atormenta, sus sue\u00f1os; de todo esto y m\u00e1s sabremos. <em>Celestia<\/em> deb\u00e9is tom\u00e1roslo ante todo como un escenario bello, con una portada que con poco, dice mucho. <em>Celestia<\/em> es tambi\u00e9n un cuento futurista, tan paralelo a <em>La Terre des Fils (La Tierra de los Hijos)<\/em>, de GIPI, que dir\u00eda que aporta bastante haber le\u00eddo uno antes que el otro o viceversa. De hecho, tambi\u00e9n encontramos ingredientes de <em>La Naranja Mec\u00e1nica<\/em>, de Anthony Burguess, con esa banda de malutos que se cruza en el camino de los protagonistas Pierrot y Dora. Personas que dan lugar a escenas de gran violencia, poes\u00eda y contemplaci\u00f3n. Dora pertenece a un grupo de tel\u00e9patas cuyas actividades son organizadas por el padre de Pierrot. Sin embargo, ambos est\u00e1n fuera del banquillo. Pierrot intentando entrar y Dora queriendo salir de \u00e9l. Los acontecimientos los llevan a quererse marchar de esta ciudad acu\u00e1tica. Es entonces cuando nos enteramos que esta ciudad estuvo anteriormente conectada al continente pero que tras una invasi\u00f3n de la que no se sabe nada, el puente que un\u00eda dichas tierras, fue destruido. Por lo tanto, escapar del padre, escapar de estos amiguitos invasores, se convertir\u00e1 en todo un desaf\u00edo. Llegar al mundo m\u00e1s all\u00e1 del puente en una g\u00f3ndola&#8230;, a otro mundo de extra\u00f1os que viven en autarqu\u00eda o incluso volver a la infancia como para algunos, todo esto y m\u00e1s supondr\u00e1 hacer dicho viaje.<\/p>\n<p align=\"JUSTIFY\"><img loading=\"lazy\" decoding=\"async\" class=\"aligncenter size-full wp-image-7171\" src=\"https:\/\/www.cronicasliterarias.es\/wp-content\/uploads\/2021\/10\/celestia02.jpg\" alt=\"\" width=\"541\" height=\"260\" srcset=\"https:\/\/www.cronicasliterarias.es\/wp-content\/uploads\/2021\/10\/celestia02.jpg 541w, https:\/\/www.cronicasliterarias.es\/wp-content\/uploads\/2021\/10\/celestia02-300x144.jpg 300w\" sizes=\"auto, (max-width: 541px) 100vw, 541px\" \/><\/p>\n<p align=\"JUSTIFY\">La peregrinaci\u00f3n de Pierrot y Dora se convierte as\u00ed en una historia que nunca olvidar\u00e9. Un viaje misterioso y contemplativo, pero inspirador para los que nos gusta escribir y no podemos salir de esa droga de evasi\u00f3n. Manuele Fior aporta adem\u00e1s un recurso en <em>Celestia<\/em> que me encanta en las historias de CF y Terror: deja un final libre a interpretaciones. Con la trama, el autor se cuestiona y a la vez nos pregunta sobre esta sociedad del futuro. \u00bfDeber\u00edamos permanecer aislados del mundo para preservar nuestra seguridad? \u00bfPor qu\u00e9 tener miedo a salir, correr riesgos y afrontar lo desconocido? La vida es AHORA.<\/p>\n<p align=\"JUSTIFY\">El dise\u00f1o de <em>Celestia<\/em> se reafirma en sus colores de atm\u00f3sfera soberbios, como dicen que suelen ser las obras de este autor. No hay burbujas de discurso superfluas aqu\u00ed (bocadillos), las im\u00e1genes, a menudo, hablan por s\u00ed mismas. Si te gustan las historias ambiciosas, esas tramas de futuro incierto, yo me dejar\u00eda embarcar en esta nueva novela gr\u00e1fica que propone el <img loading=\"lazy\" decoding=\"async\" class=\"alignleft size-medium wp-image-7172\" src=\"https:\/\/www.cronicasliterarias.es\/wp-content\/uploads\/2021\/10\/celestia03-300x131.jpg\" alt=\"\" width=\"300\" height=\"131\" srcset=\"https:\/\/www.cronicasliterarias.es\/wp-content\/uploads\/2021\/10\/celestia03-300x131.jpg 300w, https:\/\/www.cronicasliterarias.es\/wp-content\/uploads\/2021\/10\/celestia03.jpg 664w\" sizes=\"auto, (max-width: 300px) 100vw, 300px\" \/>italiano y que se acaba de publicar en nuestro pa\u00eds. Pero en cambio, si eres s\u00faper fan del c\u00f3mic franco-belga, del m\u00e1s cl\u00e1sico, ir\u00eda con cuidado. El dibujo de <em>Celestia<\/em> es tan diferente que puede impactar. Acuarelas que admito no son para todo el mundo.<\/p>\n","protected":false},"excerpt":{"rendered":"<p>Celestia es la utop\u00eda que propone Manuele Fior. Una isla en una laguna que sirve de refugio ante una misteriosa invasi\u00f3n (\u00bfGuerra?). El escenario ya desde el principio es atractivo, a la vez que precioso, te lleva de todas-todas a pensar en la Venecia de agua omnipresente, los escasos habitantes movi\u00e9ndose en barco&#8230; Algunos usan [&hellip;]<\/p>\n","protected":false},"author":4,"featured_media":0,"comment_status":"closed","ping_status":"closed","sticky":false,"template":"","format":"standard","meta":{"footnotes":""},"categories":[33,44,203,6,185],"tags":[11,10,273],"class_list":["post-7166","post","type-post","status-publish","format-standard","hentry","category-ciencia-ficcion","category-comic-europeo","category-novela-grafica","category-resenas","category-salamandra","tag-j-j-castillo","tag-resenas","tag-salamandra-graphic"],"_links":{"self":[{"href":"https:\/\/www.cronicasliterarias.es\/index.php?rest_route=\/wp\/v2\/posts\/7166","targetHints":{"allow":["GET"]}}],"collection":[{"href":"https:\/\/www.cronicasliterarias.es\/index.php?rest_route=\/wp\/v2\/posts"}],"about":[{"href":"https:\/\/www.cronicasliterarias.es\/index.php?rest_route=\/wp\/v2\/types\/post"}],"author":[{"embeddable":true,"href":"https:\/\/www.cronicasliterarias.es\/index.php?rest_route=\/wp\/v2\/users\/4"}],"replies":[{"embeddable":true,"href":"https:\/\/www.cronicasliterarias.es\/index.php?rest_route=%2Fwp%2Fv2%2Fcomments&post=7166"}],"version-history":[{"count":8,"href":"https:\/\/www.cronicasliterarias.es\/index.php?rest_route=\/wp\/v2\/posts\/7166\/revisions"}],"predecessor-version":[{"id":7181,"href":"https:\/\/www.cronicasliterarias.es\/index.php?rest_route=\/wp\/v2\/posts\/7166\/revisions\/7181"}],"wp:attachment":[{"href":"https:\/\/www.cronicasliterarias.es\/index.php?rest_route=%2Fwp%2Fv2%2Fmedia&parent=7166"}],"wp:term":[{"taxonomy":"category","embeddable":true,"href":"https:\/\/www.cronicasliterarias.es\/index.php?rest_route=%2Fwp%2Fv2%2Fcategories&post=7166"},{"taxonomy":"post_tag","embeddable":true,"href":"https:\/\/www.cronicasliterarias.es\/index.php?rest_route=%2Fwp%2Fv2%2Ftags&post=7166"}],"curies":[{"name":"wp","href":"https:\/\/api.w.org\/{rel}","templated":true}]}}