{"id":7251,"date":"2021-10-29T00:05:00","date_gmt":"2021-10-29T00:05:00","guid":{"rendered":"https:\/\/www.cronicasliterarias.es\/?p=7251"},"modified":"2021-12-22T09:23:00","modified_gmt":"2021-12-22T09:23:00","slug":"resena-la-muerte-del-capitan-america-de-ed-brubaker-y-steve-epting","status":"publish","type":"post","link":"https:\/\/www.cronicasliterarias.es\/?p=7251","title":{"rendered":"Rese\u00f1a: Marvel Must-Have. La Muerte del Capit\u00e1n Am\u00e9rica, de Ed Brubaker y Steve Epting"},"content":{"rendered":"<p align=\"JUSTIFY\"><img loading=\"lazy\" decoding=\"async\" class=\"alignleft  wp-image-7253\" src=\"https:\/\/www.cronicasliterarias.es\/wp-content\/uploads\/2021\/10\/lamuertedelcapitanamerica.jpg\" alt=\"\" width=\"229\" height=\"348\" srcset=\"https:\/\/www.cronicasliterarias.es\/wp-content\/uploads\/2021\/10\/lamuertedelcapitanamerica.jpg 322w, https:\/\/www.cronicasliterarias.es\/wp-content\/uploads\/2021\/10\/lamuertedelcapitanamerica-198x300.jpg 198w\" sizes=\"auto, (max-width: 229px) 100vw, 229px\" \/><em>La Muerte del Capit\u00e1n Am\u00e9rica<\/em> es tambi\u00e9n algo horrendo de leer. No es una historia de Terror en s\u00ed, pero impacta. Como bien se dice, el relato que nunca cre\u00edste que llegar\u00edas a leer, un magnicidio cuyas repercusiones alcanzar\u00e1n a todo el Universo Marvel; y es que si quieres leer y te intriga esta historia es un momento ideal, ya que Panini C\u00f3mics la recupera en estos geniales tomos Must-Have que son eso en definitiva: c\u00f3mics debes tener y leer. Se encarga de la tragedia Ed Brubaker. El t\u00edo, el guionista, el maestro, que todo lo hace bien y se supera a s\u00ed mismo cuando trata guiones que son thrillers de pel\u00edculas de acci\u00f3n. Steve Epting, uno de sus m\u00e1s fieles compa\u00f1eros en grandes c\u00f3mics que ya son leyenda, es el otro maestro del que brota <em>The Death of the Dream<\/em> (nombre original de este arco). Obra que tiene seis partes y que ahora se recoge en el formato que os comento: bueno, bonito y barato. Y llevadero, que me gusta decir de todo lo que puedes llevar en mano a cualquier lugar sin que sufran tus mu\u00f1ecas.<\/p>\n<p align=\"JUSTIFY\">Un c\u00f3mic donde Brubaker lo vuelve a hacer. Realmente me encanta c\u00f3mo se conjuga todo en esta historia: Bucky se enfrenta a su pasado\/presente, construye una amistad con Falcon (que ya sabemos que no durar\u00e1 mucho), reaviva un pasado con Natalia&#8230; Ver a Red Skull desquiciarse lentamente. Eso no tiene precio. Incluso conocer la historia de pol\u00edtica de fondo que se cuenta sobre el pa\u00eds, a\u00fan ley\u00e9ndolo en 2021 (esto vio la luz en el Vol. 5 del personaje en 2007), se siente <img loading=\"lazy\" decoding=\"async\" class=\"alignright  wp-image-7255\" src=\"https:\/\/www.cronicasliterarias.es\/wp-content\/uploads\/2021\/10\/lamuertedelcapitanamerica01-300x242.jpg\" alt=\"\" width=\"254\" height=\"205\" srcset=\"https:\/\/www.cronicasliterarias.es\/wp-content\/uploads\/2021\/10\/lamuertedelcapitanamerica01-300x242.jpg 300w, https:\/\/www.cronicasliterarias.es\/wp-content\/uploads\/2021\/10\/lamuertedelcapitanamerica01.jpg 526w\" sizes=\"auto, (max-width: 254px) 100vw, 254px\" \/>demasiado real. Y la historia de Sharon Carter tiene su cosita. Aunque si conoces a Brubaker sabes que hay una mejor manera de escribir sobre mujeres, y \u00e9l sabe hacerlo, y m\u00e1s sabiendo c\u00f3mo terminar\u00e1 la historia de Natalia; pero bueno. No obstante, se nota que el maestro guionista aqu\u00ed no est\u00e1 centrado en ese personaje sino en todo lo que concierne a la muerte de un sue\u00f1o como es el t\u00edo de la bandera estadounidense en el pecho.<\/p>\n<p align=\"JUSTIFY\"><em>La Muerte del Capit\u00e1n Am\u00e9rica<\/em> nos lleva a las p\u00e1ginas finales de <em>Civil War<\/em>, la trama m\u00e1s grande jam\u00e1s contada del Capi que parti\u00f3 de Ed Brubaker y Steve Epting; los cuales parece que a\u00fan ten\u00edan cosas que contar, para aturdir a\u00fan m\u00e1s a lectores con tanta tragedia de donde partieron ondas de choque hacia todo el Universo Marvel. Repercusiones de las que a\u00fan a d\u00eda de hoy se sigue hablando. El Soldado del Invierno finalmente elige un bando, despu\u00e9s de que la Guerra Civil ha terminado. El suyo propio. Y eso repercute en que Red Skull y sus secuaces salgan nuevamente a escena. Y es que a ra\u00edz de la <em>Civil War<\/em>, el Capit\u00e1n Am\u00e9rica termina siendo acribillado en los escalones del juzgado minutos antes de ser procesado (\u00a1Bendita portada!). Y Bucky <img loading=\"lazy\" decoding=\"async\" class=\"alignleft  wp-image-7257\" src=\"https:\/\/www.cronicasliterarias.es\/wp-content\/uploads\/2021\/10\/lamuertedelcapitanamerica02-300x258.jpg\" alt=\"\" width=\"231\" height=\"199\" srcset=\"https:\/\/www.cronicasliterarias.es\/wp-content\/uploads\/2021\/10\/lamuertedelcapitanamerica02-300x258.jpg 300w, https:\/\/www.cronicasliterarias.es\/wp-content\/uploads\/2021\/10\/lamuertedelcapitanamerica02.jpg 416w\" sizes=\"auto, (max-width: 231px) 100vw, 231px\" \/>apunta su poderoso brazo hacia Tony Stark. Y se convierte en su primer objetivo reclamar el escudo del Capit\u00e1n Am\u00e9rica.<\/p>\n<p align=\"JUSTIFY\">Esta ser\u00eda la sinopsis-base pero hay mucho m\u00e1s. A bote pronto os dir\u00eda que en este c\u00f3mic se cuentan cosas que cierra magistralmente lo contado en el UCM (Universo Cinematogr\u00e1fico Marvel) cuando tratan este tema en el film <em>Capit\u00e1n Am\u00e9rica: Civil War<\/em>. M\u00e1s que nada porque all\u00ed no \u201cbaleaban\u201d al Capi aunque si que lo pasa mal queriendo defender a Bucky de las acusaciones. Y las secuelas de su muerte o desaparici\u00f3n y la cuesti\u00f3n de qui\u00e9n ser\u00e1 su relevo se lo llevaron a un final de otra saga con un \u00abY murieron felices y comieron perdices\u00bb. M\u00e1s una serie de TV que cuenta la lucha entre Falcon y Bucky por la sucesi\u00f3n, claro. Pero Brubaker continu\u00f3 por el camino tr\u00e1gico que es realmente lo que pas\u00f3. M\u00e1s que nada, porque se ha tenido en cuenta en la continuidad Marvel de los c\u00f3mics hasta el d\u00eda de hoy. Se puede decir que todo lo que toca Brubaker se convierte en canon. De ah\u00ed la importancia de este c\u00f3mic que hoy os rese\u00f1o.<\/p>\n<p align=\"JUSTIFY\"><em>La Muerte del Capit\u00e1n Am\u00e9rica<\/em> desencadena una dram\u00e1tica cadena de eventos que lleva a Bucky, Falcon, el Agente 13 y la Viuda Negra al centro de atenci\u00f3n. Insisto, tengo que presentar nuevamente mis honores ante el tandem Brubaker\/Epting <img loading=\"lazy\" decoding=\"async\" class=\"alignright size-medium wp-image-7256\" src=\"https:\/\/www.cronicasliterarias.es\/wp-content\/uploads\/2021\/10\/lamuertedelcapitanamerica03-300x184.jpg\" alt=\"\" width=\"300\" height=\"184\" srcset=\"https:\/\/www.cronicasliterarias.es\/wp-content\/uploads\/2021\/10\/lamuertedelcapitanamerica03-300x184.jpg 300w, https:\/\/www.cronicasliterarias.es\/wp-content\/uploads\/2021\/10\/lamuertedelcapitanamerica03.jpg 736w\" sizes=\"auto, (max-width: 300px) 100vw, 300px\" \/>por el gran trabajo de hacer que Bucky parezca un digno sucesor del escudo. Adem\u00e1s de poner en la sart\u00e9n a un Red Skull s\u00faper interesante, una amenaza viable a pesar de que ha sido derrotado cientos de veces a lo largo de los a\u00f1os. Un tomito donde se recopila por primera vez una edici\u00f3n de lujo completada con decenas de extras, la saga que sacudi\u00f3 a toda una generaci\u00f3n de lectores y lleg\u00f3 hasta el \u00faltimo lugar del planeta.<\/p>\n<p align=\"JUSTIFY\">\u00bfDeseas saber m\u00e1s?<\/p>\n","protected":false},"excerpt":{"rendered":"<p>La Muerte del Capit\u00e1n Am\u00e9rica es tambi\u00e9n algo horrendo de leer. No es una historia de Terror en s\u00ed, pero impacta. Como bien se dice, el relato que nunca cre\u00edste que llegar\u00edas a leer, un magnicidio cuyas repercusiones alcanzar\u00e1n a todo el Universo Marvel; y es que si quieres leer y te intriga esta historia [&hellip;]<\/p>\n","protected":false},"author":4,"featured_media":0,"comment_status":"closed","ping_status":"closed","sticky":false,"template":"","format":"standard","meta":{"footnotes":""},"categories":[49,28,6],"tags":[11,196,218,10],"class_list":["post-7251","post","type-post","status-publish","format-standard","hentry","category-comics","category-panini-comics","category-resenas","tag-j-j-castillo","tag-must-have","tag-panini-comics-marvel","tag-resenas"],"_links":{"self":[{"href":"https:\/\/www.cronicasliterarias.es\/index.php?rest_route=\/wp\/v2\/posts\/7251","targetHints":{"allow":["GET"]}}],"collection":[{"href":"https:\/\/www.cronicasliterarias.es\/index.php?rest_route=\/wp\/v2\/posts"}],"about":[{"href":"https:\/\/www.cronicasliterarias.es\/index.php?rest_route=\/wp\/v2\/types\/post"}],"author":[{"embeddable":true,"href":"https:\/\/www.cronicasliterarias.es\/index.php?rest_route=\/wp\/v2\/users\/4"}],"replies":[{"embeddable":true,"href":"https:\/\/www.cronicasliterarias.es\/index.php?rest_route=%2Fwp%2Fv2%2Fcomments&post=7251"}],"version-history":[{"count":6,"href":"https:\/\/www.cronicasliterarias.es\/index.php?rest_route=\/wp\/v2\/posts\/7251\/revisions"}],"predecessor-version":[{"id":8089,"href":"https:\/\/www.cronicasliterarias.es\/index.php?rest_route=\/wp\/v2\/posts\/7251\/revisions\/8089"}],"wp:attachment":[{"href":"https:\/\/www.cronicasliterarias.es\/index.php?rest_route=%2Fwp%2Fv2%2Fmedia&parent=7251"}],"wp:term":[{"taxonomy":"category","embeddable":true,"href":"https:\/\/www.cronicasliterarias.es\/index.php?rest_route=%2Fwp%2Fv2%2Fcategories&post=7251"},{"taxonomy":"post_tag","embeddable":true,"href":"https:\/\/www.cronicasliterarias.es\/index.php?rest_route=%2Fwp%2Fv2%2Ftags&post=7251"}],"curies":[{"name":"wp","href":"https:\/\/api.w.org\/{rel}","templated":true}]}}