{"id":7276,"date":"2021-10-31T00:05:00","date_gmt":"2021-10-31T00:05:00","guid":{"rendered":"https:\/\/www.cronicasliterarias.es\/?p=7276"},"modified":"2021-10-31T10:44:12","modified_gmt":"2021-10-31T10:44:12","slug":"resena-hombre-lobo-de-taboo-b-earl-scot-eaton-y-vvaa","status":"publish","type":"post","link":"https:\/\/www.cronicasliterarias.es\/?p=7276","title":{"rendered":"Rese\u00f1a: Hombre Lobo, de Taboo, B. Earl, Scot Eaton y VVAA"},"content":{"rendered":"<p align=\"JUSTIFY\"><img loading=\"lazy\" decoding=\"async\" class=\"alignright  wp-image-7277\" src=\"https:\/\/www.cronicasliterarias.es\/wp-content\/uploads\/2021\/10\/hombrelobodetaboo-666x1024.jpg\" alt=\"\" width=\"227\" height=\"349\" srcset=\"https:\/\/www.cronicasliterarias.es\/wp-content\/uploads\/2021\/10\/hombrelobodetaboo-666x1024.jpg 666w, https:\/\/www.cronicasliterarias.es\/wp-content\/uploads\/2021\/10\/hombrelobodetaboo-195x300.jpg 195w, https:\/\/www.cronicasliterarias.es\/wp-content\/uploads\/2021\/10\/hombrelobodetaboo-768x1182.jpg 768w, https:\/\/www.cronicasliterarias.es\/wp-content\/uploads\/2021\/10\/hombrelobodetaboo.jpg 780w\" sizes=\"auto, (max-width: 227px) 100vw, 227px\" \/>M\u00e1s miedo, m\u00e1s Terror, m\u00e1s c\u00f3mics, m\u00e1s libros, venga, que a\u00fan estamos a tiempo de saborear el horror y perdernos en esos bosques oscuros, casas encantadas y aberraciones que muchos llev\u00e1bamos dentro casi sin saberlo. Me llamaba la atenci\u00f3n el saber qu\u00e9 y c\u00f3mo lo hab\u00edan hecho con la miniserie nueva de <em>Werewolf by Night!<\/em>, que se edit\u00f3 en USA a principios de 2021. La rememoraci\u00f3n de un cl\u00e1sico del c\u00f3mic de Terror, la tra\u00edda a nuestros d\u00edas de un c\u00f3mic de \u00e9poca, pues <em>Werewolf by Night!<\/em> apareci\u00f3 por primera vez en el <em>Marvel Spotlight #2<\/em> en 1972. Sin embargo, antes de la formaci\u00f3n de Comics Code (1954), la predecesora de Marvel, Atlas Comics, ya hab\u00eda publicado un relato de cinco paginitas titulado <em>Werewolf by Night!<\/em> en el <em>Marvel Tales #116<\/em> (1953). Y con la \u201crelajaci\u00f3n\u201d del CC en 1971, se rescat\u00f3 para editar esta joyita que es el<em> Hombre Lobo<\/em> de Marvel por excelencia. Una idea que parti\u00f3 del gran Roy Thomas y con un equipo creativo inicial compuesto por otros maestros como Gerry Conway y Mike Ploog, incluso Stan Lee tuvo algo que ver. Aquel <em>Werewolf by Night!<\/em> fue un genial c\u00f3mic cl\u00e1sico de Terror que se public\u00f3 en 43 n\u00fameros y se desarroll\u00f3 hasta marzo del bendito a\u00f1o de 1977. Pero no hace mucho, se han estado rescatando en nuestro pa\u00eds en las geniales ediciones de Marvel Limited Edition que Panini C\u00f3mics y SD publican en conjunci\u00f3n. <img loading=\"lazy\" decoding=\"async\" class=\"alignleft  wp-image-7278\" src=\"https:\/\/www.cronicasliterarias.es\/wp-content\/uploads\/2021\/10\/hombrelobodetaboo01-198x300.jpg\" alt=\"\" width=\"143\" height=\"217\" srcset=\"https:\/\/www.cronicasliterarias.es\/wp-content\/uploads\/2021\/10\/hombrelobodetaboo01-198x300.jpg 198w, https:\/\/www.cronicasliterarias.es\/wp-content\/uploads\/2021\/10\/hombrelobodetaboo01-675x1024.jpg 675w, https:\/\/www.cronicasliterarias.es\/wp-content\/uploads\/2021\/10\/hombrelobodetaboo01-768x1166.jpg 768w, https:\/\/www.cronicasliterarias.es\/wp-content\/uploads\/2021\/10\/hombrelobodetaboo01.jpg 850w\" sizes=\"auto, (max-width: 143px) 100vw, 143px\" \/>Yo ir\u00eda a por ellos Ya. Si puedes encontrarlos, claro.<\/p>\n<p align=\"JUSTIFY\">Pero ahora voy a hablaros de esta miniserie que edita Panini C\u00f3mics en este mes oscuro que se va con fr\u00edo y lluvias. Un TPB del que sin duda hay que hablar. El guionista principal es Taboo (\u00a1Agarraos!), s\u00ed, uno de los integrantes del grupo musical <em>Black Eyed Pease<\/em>. Otro famosete que le da a lo bueno. Aunque un tal B. Earl es co-guionista tambi\u00e9n. Esta miniserie de cuatro numeritos que corresponder\u00edan al <em>Vol.3<\/em> de <em>Werewolf by Night!<\/em>, es un debut extra\u00f1o pero interesante. Lo puedes percibir como un c\u00f3mic de Marvel de mediados de los dos miles, tanto en di\u00e1logo como en arte. No es algo malo, es buena \u00e9poca tambi\u00e9n, no son los principios de los 90 pero aparte de eso, lo que funciona aqu\u00ed muy bien es la gran cantidad de escenas utilizadas para construir los personajes centrales. Los c\u00f3mics que me estoy acostumbrando a ver ahora tienden a pasar demasiado tiempo en escenas de acci\u00f3n y poca narratividad. Problemas muy gordos que se solucionan muy r\u00e1pidamente casi en una sola p\u00e1gina y eso te hace chasquear la lengua.<\/p>\n<p align=\"JUSTIFY\">Jake Gomez es un adolescente nativo que vive en la Reserva Hopi en Arizona. Y desde hace algunos a\u00f1os, ha estado lidiando con una maldici\u00f3n hereditaria que lo convierte en un hombre-lobo gigante a tope de emociones incontrolables. Pero gracias a su fiel compa\u00f1era Molly, ha encontrado formas de controlar y canalizar la maldici\u00f3n, <img loading=\"lazy\" decoding=\"async\" class=\"alignright size-medium wp-image-7281\" src=\"https:\/\/www.cronicasliterarias.es\/wp-content\/uploads\/2021\/11\/hombrelobodetaboo02-300x145.jpg\" alt=\"\" width=\"300\" height=\"145\" srcset=\"https:\/\/www.cronicasliterarias.es\/wp-content\/uploads\/2021\/11\/hombrelobodetaboo02-300x145.jpg 300w, https:\/\/www.cronicasliterarias.es\/wp-content\/uploads\/2021\/11\/hombrelobodetaboo02-768x370.jpg 768w, https:\/\/www.cronicasliterarias.es\/wp-content\/uploads\/2021\/11\/hombrelobodetaboo02.jpg 848w\" sizes=\"auto, (max-width: 300px) 100vw, 300px\" \/>evitar el da\u00f1o e incluso hacer el bien con \u00e9l. No obstante, viven en una regi\u00f3n donde una poderosa farmac\u00e9utica&#8230; (esas empresas que creemos que son buenas pero son una mafia de cuidado), estamos hablando de una empresa que secuestra a lugare\u00f1os para usarlos como ratas de laboratorio en experimentos. Por otro lado, el cham\u00e1n nativo\/sheriff\/U.S. Marshall favorito de todos, Red Wolf ya anda rastreando a los violadores de la Ley de Kamala en el suroeste. Y su camino inevitablemente se cruzar\u00e1 con el de Jake. Gran personaje.<\/p>\n<p align=\"JUSTIFY\">El <em>Hombre Lobo<\/em> de Taboo y B. Earl -a los dibujos Scot Eaton y Jeffrey Veregge-, ofrece una serie de escenas r\u00e1pidas que frenan para contar la vida familiar y laboral de los personajes, pero sin dejar de lado el tema sobrenatural. Esto me encanta como se hace. Y es que los ni\u00f1os est\u00e1n desapareciendo y solo Jake G\u00f3mez puede enfrentarse a lo que est\u00e1 pasando (un tono un poco optimista y palomitero para lo que se supone una historia de Terror para Halloween, s\u00ed, ten\u00e9is raz\u00f3n); pero me gust\u00f3 la inclusi\u00f3n en la serie de Red Wolf. Soy fan de los h\u00e9roes nativos, en general. Tal vez, cuando me jubile y me vaya a la caba\u00f1a del bosque termine convertido en un Bigfoot, jaja.<\/p>\n<p align=\"JUSTIFY\"><img loading=\"lazy\" decoding=\"async\" class=\"alignleft  wp-image-7279\" src=\"https:\/\/www.cronicasliterarias.es\/wp-content\/uploads\/2021\/10\/hombrelobodetaboo03-300x171.jpg\" alt=\"\" width=\"261\" height=\"149\" srcset=\"https:\/\/www.cronicasliterarias.es\/wp-content\/uploads\/2021\/10\/hombrelobodetaboo03-300x171.jpg 300w, https:\/\/www.cronicasliterarias.es\/wp-content\/uploads\/2021\/10\/hombrelobodetaboo03-768x437.jpg 768w, https:\/\/www.cronicasliterarias.es\/wp-content\/uploads\/2021\/10\/hombrelobodetaboo03.jpg 847w\" sizes=\"auto, (max-width: 261px) 100vw, 261px\" \/>En el frente art\u00edstico, los ilustradores hacen un trabajo sobresaliente al dar vida a la zona rural donde se debate la historia. Las noches en el desierto est\u00e1n muy logradas en un gui\u00f3n que compagina muy bien como historia de frontera. Os advierto que pese su publicaci\u00f3n en TPB recopilatorio en nuestro pa\u00eds, estamos hablando de una historia que en USA todo el mundo valora de 9 sobre 10.<\/p>\n","protected":false},"excerpt":{"rendered":"<p>M\u00e1s miedo, m\u00e1s Terror, m\u00e1s c\u00f3mics, m\u00e1s libros, venga, que a\u00fan estamos a tiempo de saborear el horror y perdernos en esos bosques oscuros, casas encantadas y aberraciones que muchos llev\u00e1bamos dentro casi sin saberlo. Me llamaba la atenci\u00f3n el saber qu\u00e9 y c\u00f3mo lo hab\u00edan hecho con la miniserie nueva de Werewolf by Night!, [&hellip;]<\/p>\n","protected":false},"author":4,"featured_media":0,"comment_status":"closed","ping_status":"closed","sticky":false,"template":"","format":"standard","meta":{"footnotes":""},"categories":[49,28,6],"tags":[260,11,218,10],"class_list":["post-7276","post","type-post","status-publish","format-standard","hentry","category-comics","category-panini-comics","category-resenas","tag-halloween-2021","tag-j-j-castillo","tag-panini-comics-marvel","tag-resenas"],"_links":{"self":[{"href":"https:\/\/www.cronicasliterarias.es\/index.php?rest_route=\/wp\/v2\/posts\/7276","targetHints":{"allow":["GET"]}}],"collection":[{"href":"https:\/\/www.cronicasliterarias.es\/index.php?rest_route=\/wp\/v2\/posts"}],"about":[{"href":"https:\/\/www.cronicasliterarias.es\/index.php?rest_route=\/wp\/v2\/types\/post"}],"author":[{"embeddable":true,"href":"https:\/\/www.cronicasliterarias.es\/index.php?rest_route=\/wp\/v2\/users\/4"}],"replies":[{"embeddable":true,"href":"https:\/\/www.cronicasliterarias.es\/index.php?rest_route=%2Fwp%2Fv2%2Fcomments&post=7276"}],"version-history":[{"count":6,"href":"https:\/\/www.cronicasliterarias.es\/index.php?rest_route=\/wp\/v2\/posts\/7276\/revisions"}],"predecessor-version":[{"id":7287,"href":"https:\/\/www.cronicasliterarias.es\/index.php?rest_route=\/wp\/v2\/posts\/7276\/revisions\/7287"}],"wp:attachment":[{"href":"https:\/\/www.cronicasliterarias.es\/index.php?rest_route=%2Fwp%2Fv2%2Fmedia&parent=7276"}],"wp:term":[{"taxonomy":"category","embeddable":true,"href":"https:\/\/www.cronicasliterarias.es\/index.php?rest_route=%2Fwp%2Fv2%2Fcategories&post=7276"},{"taxonomy":"post_tag","embeddable":true,"href":"https:\/\/www.cronicasliterarias.es\/index.php?rest_route=%2Fwp%2Fv2%2Ftags&post=7276"}],"curies":[{"name":"wp","href":"https:\/\/api.w.org\/{rel}","templated":true}]}}