{"id":8511,"date":"2022-02-01T00:05:00","date_gmt":"2022-02-01T00:05:00","guid":{"rendered":"https:\/\/www.cronicasliterarias.es\/?p=8511"},"modified":"2022-02-01T10:53:45","modified_gmt":"2022-02-01T10:53:45","slug":"resena-nadie-de-carlos-trillo-y-alberto-breccia","status":"publish","type":"post","link":"https:\/\/www.cronicasliterarias.es\/?p=8511","title":{"rendered":"Rese\u00f1a: Nadie, de Carlos Trillo y Alberto Breccia"},"content":{"rendered":"<p align=\"JUSTIFY\"><img loading=\"lazy\" decoding=\"async\" class=\"alignright  wp-image-8513\" src=\"https:\/\/www.cronicasliterarias.es\/wp-content\/uploads\/2022\/02\/nadie.jpg\" alt=\"\" width=\"237\" height=\"321\" srcset=\"https:\/\/www.cronicasliterarias.es\/wp-content\/uploads\/2022\/02\/nadie.jpg 556w, https:\/\/www.cronicasliterarias.es\/wp-content\/uploads\/2022\/02\/nadie-222x300.jpg 222w\" sizes=\"auto, (max-width: 237px) 100vw, 237px\" \/><em>Nadie<\/em> es uno de esos t\u00edtulos al estilo novela esp\u00edas o polic\u00edaca que nacieron de la mano de los cientos de historietistas argentinos que contaban historias de detectives y agentes secretos de otros pa\u00edses entre 1940 y 1980. <em>Nadie<\/em> es justamente eso, aunque con menos glamour.<\/p>\n<p align=\"JUSTIFY\"><em>Nadie<\/em> tuvo catorce entregas en la revista <em>Tit Bits<\/em> de editorial Record. Aparentemente, una historieta m\u00e1s que sal\u00eda en las p\u00e1ginas de una revista comiquera al uso como las que se pod\u00eda encontrar en cualquier kiosco en los a\u00f1os 80. Sin embargo, <em>Nadie<\/em> ten\u00eda una particularidad que la har\u00eda destacar entre otras historias precursoras del g\u00e9nero negro: la aparici\u00f3n del villano internacional Fu Manch\u00fa. \u00bfY qui\u00e9n es Fu Manch\u00fa y qui\u00e9n es Nadie? Para cualquiera que haya nacido en Argentina, haya sido ni\u00f1o u adolescente en los 70 y sea consumidor de historietas, c\u00f3mics, tebeos o como quer\u00e1is llamarlos; <em>Nadie<\/em> puede significar mucho o nada. El maestro Carlos Trillo y Alberto Breccia decidieron utilizar a uno de los <img loading=\"lazy\" decoding=\"async\" class=\"alignleft  wp-image-8514\" src=\"https:\/\/www.cronicasliterarias.es\/wp-content\/uploads\/2022\/02\/nadie01-300x242.jpg\" alt=\"\" width=\"228\" height=\"184\" srcset=\"https:\/\/www.cronicasliterarias.es\/wp-content\/uploads\/2022\/02\/nadie01-300x242.jpg 300w, https:\/\/www.cronicasliterarias.es\/wp-content\/uploads\/2022\/02\/nadie01.jpg 368w\" sizes=\"auto, (max-width: 228px) 100vw, 228px\" \/>villanos cl\u00e1sicos de las historias de aventuras dentro de su historia. El denominado \u00abPeligro Amarillo\u00bb que naci\u00f3 en 1913 de la mano del novelista ingl\u00e9s Sax Rohmer. Fu Manch\u00fa es un villano chino que odia la civilizaci\u00f3n occidental y a la raza blanca. En todas las novelas en las que aparece es perseguido, derrotado y sus planes son desbaratados por el investigador ingl\u00e9s Sir Denis Nayland Smith, junto a su acompa\u00f1ante, el doctor Petrie. El personaje ha sido representado en cine en cantidad de ocasiones y por los grandes (Boris Karloff, John Carradine, Christopher Lee, \u00bfNicholas Cage?). Adem\u00e1s de contar con numerosas adaptaciones y apariciones en televisi\u00f3n, radio, novelas y c\u00f3mics. Tanto fue el impacto que tuvo este villano que se convirti\u00f3 en el arquetipo del malvado genio criminal por excelencia. \u00bfAcaso los lectores Marvel creen que El Mandar\u00edn es 100% original? Venga ya&#8230;<\/p>\n<p align=\"JUSTIFY\">Pero centr\u00e9monos en el que mola que es Nadie. Un agente que trabaja para el servicio secreto brit\u00e1nico -no, no pens\u00e9is en el de siempre-; Nadie es m\u00e1s r\u00fastico, m\u00e1s de andar por casa, con menos florituras. Es un tipo duro que lleva a cabo todas las misiones que le plantean sus superiores por turbias que se presenten. Y paro de contar por que es un tipo que hay que conocer en vi\u00f1eta. Pero ya os digo que esta recopilaci\u00f3n que ECC Ediciones se marca entre sus publicaciones es joyita-joyita. Un volumen que recoge los catorce cap\u00edtulos del personaje en un solo volumen. Donde este tipo de mirada certera tendr\u00e1 que echar mano de sus recursos para neutralizar diversas amenazas, siendo casi <img loading=\"lazy\" decoding=\"async\" class=\"alignright  wp-image-8517\" src=\"https:\/\/www.cronicasliterarias.es\/wp-content\/uploads\/2022\/02\/nadie02-300x273.jpg\" alt=\"\" width=\"238\" height=\"217\" srcset=\"https:\/\/www.cronicasliterarias.es\/wp-content\/uploads\/2022\/02\/nadie02-300x273.jpg 300w, https:\/\/www.cronicasliterarias.es\/wp-content\/uploads\/2022\/02\/nadie02.jpg 405w\" sizes=\"auto, (max-width: 238px) 100vw, 238px\" \/>siempre el objetivo contrarrestar al maquiav\u00e9lico Fu Manch\u00fa.<\/p>\n<p align=\"JUSTIFY\">Las historias que nos encontramos son muy variadas. Una con ese miedo presente que siempre fue la Guerra Fr\u00eda (\u00e9poca en la que el c\u00f3mic se publicaba), con el t\u00edpico terror nuclear de aquellos a\u00f1os. Otras tocan bastante la pol\u00edtica. Otras son solo misiones de rescate. Una serie de tramas que proporcionar esa diversi\u00f3n justa que siempre da al fan el g\u00e9nero negro. Por lo que estamos ante un volumen trepidante, en el que vuelve a quedar patente la qu\u00edmica creativa compartida por los autores de <em>Un tal Daneri<\/em> <span style=\"color: #99ccff;\"><em>(<a style=\"color: #99ccff;\" href=\"https:\/\/www.ecccomics.com\/comic\/un-tal-daneri-8123.aspx\">https:\/\/www.ecccomics.com\/comic\/un-tal-daneri-8123.aspx<\/a>)<\/em><\/span>, <em>Buscavidas, Hab\u00eda otra vez&#8230; El lado oscuro de los cuentos infantiles<\/em> o <em>Viajero de gris.<\/em> Obras que ECC Ediciones est\u00e1 editando para deleite nuestro y ning\u00fan fan deber\u00eda perderse.<\/p>\n<p align=\"JUSTIFY\">Carlos Trillo escribi\u00f3 catorce historias autoconclusivas, pero hilvanadas entre s\u00ed, que son dignas de ser llevadas a la gran pantalla. \u00bfTiene que ver este Nadie con el que interpreta Bob Odenkirk (el abogado fanfarr\u00f3n de <em>Breaking Bad<\/em> en el film estrenado hace poco del mismo nombre? No he podido encontrar datos. Pero no me extra\u00f1ar\u00eda que al menos inspiraci\u00f3n haya porque me consta que Derek Kolstad es un gran comiquero.<\/p>\n<p align=\"JUSTIFY\"><img loading=\"lazy\" decoding=\"async\" class=\"alignleft  wp-image-8516\" src=\"https:\/\/www.cronicasliterarias.es\/wp-content\/uploads\/2022\/02\/nadie04-300x260.jpg\" alt=\"\" width=\"255\" height=\"221\" srcset=\"https:\/\/www.cronicasliterarias.es\/wp-content\/uploads\/2022\/02\/nadie04-300x260.jpg 300w, https:\/\/www.cronicasliterarias.es\/wp-content\/uploads\/2022\/02\/nadie04.jpg 345w\" sizes=\"auto, (max-width: 255px) 100vw, 255px\" \/>Historias donde vemos los miedos y anhelos de la \u00e9poca. La genialidad escrita de Trillo junto a los geniales dibujos de Breccia. El dibujo complementa la historia y nos permite adentrarnos en la ficci\u00f3n que es <em>Nadie<\/em>. Una obra fundamental para los amantes de la historieta latinoamericana. Una obra fundamental para el amante del g\u00e9nero negro. Obra m\u00e1s profunda de lo que parece.<\/p>\n","protected":false},"excerpt":{"rendered":"<p>Nadie es uno de esos t\u00edtulos al estilo novela esp\u00edas o polic\u00edaca que nacieron de la mano de los cientos de historietistas argentinos que contaban historias de detectives y agentes secretos de otros pa\u00edses entre 1940 y 1980. Nadie es justamente eso, aunque con menos glamour. Nadie tuvo catorce entregas en la revista Tit Bits [&hellip;]<\/p>\n","protected":false},"author":4,"featured_media":0,"comment_status":"closed","ping_status":"closed","sticky":false,"template":"","format":"standard","meta":{"footnotes":""},"categories":[49,29,203,37,6],"tags":[125,11,10],"class_list":["post-8511","post","type-post","status-publish","format-standard","hentry","category-comics","category-ecc-ediciones","category-novela-grafica","category-novela-negra","category-resenas","tag-ecc-ediciones","tag-j-j-castillo","tag-resenas"],"_links":{"self":[{"href":"https:\/\/www.cronicasliterarias.es\/index.php?rest_route=\/wp\/v2\/posts\/8511","targetHints":{"allow":["GET"]}}],"collection":[{"href":"https:\/\/www.cronicasliterarias.es\/index.php?rest_route=\/wp\/v2\/posts"}],"about":[{"href":"https:\/\/www.cronicasliterarias.es\/index.php?rest_route=\/wp\/v2\/types\/post"}],"author":[{"embeddable":true,"href":"https:\/\/www.cronicasliterarias.es\/index.php?rest_route=\/wp\/v2\/users\/4"}],"replies":[{"embeddable":true,"href":"https:\/\/www.cronicasliterarias.es\/index.php?rest_route=%2Fwp%2Fv2%2Fcomments&post=8511"}],"version-history":[{"count":6,"href":"https:\/\/www.cronicasliterarias.es\/index.php?rest_route=\/wp\/v2\/posts\/8511\/revisions"}],"predecessor-version":[{"id":8528,"href":"https:\/\/www.cronicasliterarias.es\/index.php?rest_route=\/wp\/v2\/posts\/8511\/revisions\/8528"}],"wp:attachment":[{"href":"https:\/\/www.cronicasliterarias.es\/index.php?rest_route=%2Fwp%2Fv2%2Fmedia&parent=8511"}],"wp:term":[{"taxonomy":"category","embeddable":true,"href":"https:\/\/www.cronicasliterarias.es\/index.php?rest_route=%2Fwp%2Fv2%2Fcategories&post=8511"},{"taxonomy":"post_tag","embeddable":true,"href":"https:\/\/www.cronicasliterarias.es\/index.php?rest_route=%2Fwp%2Fv2%2Ftags&post=8511"}],"curies":[{"name":"wp","href":"https:\/\/api.w.org\/{rel}","templated":true}]}}