{"id":8559,"date":"2022-02-05T00:05:00","date_gmt":"2022-02-05T00:05:00","guid":{"rendered":"https:\/\/www.cronicasliterarias.es\/?p=8559"},"modified":"2022-02-05T11:50:18","modified_gmt":"2022-02-05T11:50:18","slug":"resena-el-pintor-forajido-de-frantz-duchazeau","status":"publish","type":"post","link":"https:\/\/www.cronicasliterarias.es\/?p=8559","title":{"rendered":"Rese\u00f1a: El Pintor Forajido, de Frantz Duchazeau"},"content":{"rendered":"<p align=\"JUSTIFY\"><img loading=\"lazy\" decoding=\"async\" class=\"alignright  wp-image-8561\" src=\"https:\/\/www.cronicasliterarias.es\/wp-content\/uploads\/2022\/02\/El-pintor-forajido.jpg\" alt=\"\" width=\"228\" height=\"303\" srcset=\"https:\/\/www.cronicasliterarias.es\/wp-content\/uploads\/2022\/02\/El-pintor-forajido.jpg 542w, https:\/\/www.cronicasliterarias.es\/wp-content\/uploads\/2022\/02\/El-pintor-forajido-226x300.jpg 226w\" sizes=\"auto, (max-width: 228px) 100vw, 228px\" \/>Mezclar arte y belicosidad en un c\u00f3mic es algo que no hab\u00eda visto&#8230; o no recuerdo haber visto nunca. Y poco menos que un autor franc\u00e9s para hacer esto bien, \u00bfno? Ya la portada de <em>El Pintor Forajido<\/em> atrae bastante y por eso, y un poquito m\u00e1s de tema hist\u00f3rico, me interes\u00e9 por el \u00e1lbum reci\u00e9n editado por Ponent Mon en nuestro pa\u00eds de la mano de Frantz Duchazeau.<\/p>\n<p align=\"JUSTIFY\">El \u00e1lbum comienza con un hecho hist\u00f3rico significativo, el regicidio del pueblo franc\u00e9s y su joven Rep\u00fablica. Est\u00e1n all\u00ed los mirones, los curiosos y varios pintores y dise\u00f1adores para congelar este momento en la memoria. La guillotina se destaca sobre un gran tabl\u00f3n en \u00e1ngulo bajo. En el campo reina cierta anarqu\u00eda, la muerte del rey no ha solucionado nada porque el pueblo sigue hambriento a pesar de la ca\u00edda de la monarqu\u00eda y los bandoleros son legi\u00f3n. Es en este contexto que descubrimos a Lazare Bruandet (un pintor desconocido para m\u00ed), un tipo grande, cojo, con una mirada un poco loca que de repente tira a su mujer por la ventana. Gesto que le llevar\u00e1 a huir a Fontainebleau e inmiscuirse entres sus bosques. Zona que conoce bastante bien, por cierto. Donde resurgen recuerdos de la infancia, <img loading=\"lazy\" decoding=\"async\" class=\"alignleft  wp-image-8565\" src=\"https:\/\/www.cronicasliterarias.es\/wp-content\/uploads\/2022\/02\/El-pintor-forajido00-300x140.jpg\" alt=\"\" width=\"261\" height=\"122\" srcset=\"https:\/\/www.cronicasliterarias.es\/wp-content\/uploads\/2022\/02\/El-pintor-forajido00-300x140.jpg 300w, https:\/\/www.cronicasliterarias.es\/wp-content\/uploads\/2022\/02\/El-pintor-forajido00.jpg 400w\" sizes=\"auto, (max-width: 261px) 100vw, 261px\" \/>tanto los buenos como los muy malos, a la vez que una tropa soldados llega a casa de su madre&#8230;<\/p>\n<p align=\"JUSTIFY\">Un c\u00f3mic que muestra escenas y crea tensi\u00f3n a menudo que avanzas. Vi\u00f1etas por p\u00e1gina, algunas silenciosas, que proliferan momentos de incertidumbre sin tener que aportar una sola palabra. Que permiten a su vez contemplar la hermosa naturaleza de los parajes que se recorren. Me gusta mucho el estilo de dibujo de Frantz Duchazeau, los colores tambi\u00e9n quedan muy bien. Un buen rato leyendo sobre los pasos de este pintor un tanto torturado y una historia que marca y renueva tus ganas por saber m\u00e1s del momento hist\u00f3rico que se refleja.<\/p>\n<p align=\"JUSTIFY\">Frantz Duchazeau se inspira en la tumultuosa vida de un pintor desconocido, Lazare Bruandet (1755-1804), inmerso en la agitaci\u00f3n de la Revoluci\u00f3n, para pintar un retrato de <img loading=\"lazy\" decoding=\"async\" class=\"alignright  wp-image-8564\" src=\"https:\/\/www.cronicasliterarias.es\/wp-content\/uploads\/2022\/02\/El-pintor-forajido03-300x184.jpg\" alt=\"\" width=\"240\" height=\"147\" srcset=\"https:\/\/www.cronicasliterarias.es\/wp-content\/uploads\/2022\/02\/El-pintor-forajido03-300x184.jpg 300w, https:\/\/www.cronicasliterarias.es\/wp-content\/uploads\/2022\/02\/El-pintor-forajido03.jpg 707w\" sizes=\"auto, (max-width: 240px) 100vw, 240px\" \/>este pintor fuera de la ley. \u00bfPintor fuera de la ley? Pero todo parece relativo dado el caos que reina en Par\u00eds y en el campo. Una violencia omnipresente que toc\u00f3 a Bruandet desde la infancia y que sin duda contribuy\u00f3 a forjar su personalidad desmedida en muchos aspectos. Pues el pintor maneja la espada como el pincel y rechaza las convenciones de la pintura de su tiempo. Adem\u00e1s, aspira \u00fanicamente a practicar su arte sobre el terreno. Una tierra lamentablemente invadida tanto por bandoleros como por las diversas facciones revolucionarias. Pero Frantz Duchazeau tiene la osad\u00eda de tomar como h\u00e9roe de su historia a un personaje que no es simp\u00e1tico ni entra\u00f1able, pero que en cierto modo resulta eco de su tiempo. Seguimos sus andanzas con curiosidad, descubriendo poco a poco lugares de su infancia a los que regresa mientras asume de alg\u00fan modo el papel y los excesos de un pintor maldito.<\/p>\n<p align=\"JUSTIFY\">Brindo por esta elecci\u00f3n de Frantz Duchazeau de presentarnos un \u00e1lbum y un personaje fuera de lo com\u00fan y hacernos querer saber m\u00e1s sobre el aut\u00e9ntico Bruandet. \u00bfPintor <img loading=\"lazy\" decoding=\"async\" class=\"alignleft  wp-image-8563\" src=\"https:\/\/www.cronicasliterarias.es\/wp-content\/uploads\/2022\/02\/El-pintor-forajido01-300x198.jpg\" alt=\"\" width=\"193\" height=\"127\" srcset=\"https:\/\/www.cronicasliterarias.es\/wp-content\/uploads\/2022\/02\/El-pintor-forajido01-300x198.jpg 300w, https:\/\/www.cronicasliterarias.es\/wp-content\/uploads\/2022\/02\/El-pintor-forajido01.jpg 715w\" sizes=\"auto, (max-width: 193px) 100vw, 193px\" \/>loco? No ser\u00eda el primero ni el \u00faltimo.<\/p>\n<p align=\"JUSTIFY\">Aunque se maravillosa que la naturaleza que lo rodea le inspire para nuevas pinturas.<\/p>\n","protected":false},"excerpt":{"rendered":"<p>Mezclar arte y belicosidad en un c\u00f3mic es algo que no hab\u00eda visto&#8230; o no recuerdo haber visto nunca. Y poco menos que un autor franc\u00e9s para hacer esto bien, \u00bfno? Ya la portada de El Pintor Forajido atrae bastante y por eso, y un poquito m\u00e1s de tema hist\u00f3rico, me interes\u00e9 por el \u00e1lbum [&hellip;]<\/p>\n","protected":false},"author":4,"featured_media":0,"comment_status":"closed","ping_status":"closed","sticky":false,"template":"","format":"standard","meta":{"footnotes":""},"categories":[53,204,44,18,6],"tags":[297,11,19,10],"class_list":["post-8559","post","type-post","status-publish","format-standard","hentry","category-bd","category-belico","category-comic-europeo","category-ponent-mon","category-resenas","tag-comic-europeo-2022","tag-j-j-castillo","tag-ponent-mon","tag-resenas"],"_links":{"self":[{"href":"https:\/\/www.cronicasliterarias.es\/index.php?rest_route=\/wp\/v2\/posts\/8559","targetHints":{"allow":["GET"]}}],"collection":[{"href":"https:\/\/www.cronicasliterarias.es\/index.php?rest_route=\/wp\/v2\/posts"}],"about":[{"href":"https:\/\/www.cronicasliterarias.es\/index.php?rest_route=\/wp\/v2\/types\/post"}],"author":[{"embeddable":true,"href":"https:\/\/www.cronicasliterarias.es\/index.php?rest_route=\/wp\/v2\/users\/4"}],"replies":[{"embeddable":true,"href":"https:\/\/www.cronicasliterarias.es\/index.php?rest_route=%2Fwp%2Fv2%2Fcomments&post=8559"}],"version-history":[{"count":5,"href":"https:\/\/www.cronicasliterarias.es\/index.php?rest_route=\/wp\/v2\/posts\/8559\/revisions"}],"predecessor-version":[{"id":8573,"href":"https:\/\/www.cronicasliterarias.es\/index.php?rest_route=\/wp\/v2\/posts\/8559\/revisions\/8573"}],"wp:attachment":[{"href":"https:\/\/www.cronicasliterarias.es\/index.php?rest_route=%2Fwp%2Fv2%2Fmedia&parent=8559"}],"wp:term":[{"taxonomy":"category","embeddable":true,"href":"https:\/\/www.cronicasliterarias.es\/index.php?rest_route=%2Fwp%2Fv2%2Fcategories&post=8559"},{"taxonomy":"post_tag","embeddable":true,"href":"https:\/\/www.cronicasliterarias.es\/index.php?rest_route=%2Fwp%2Fv2%2Ftags&post=8559"}],"curies":[{"name":"wp","href":"https:\/\/api.w.org\/{rel}","templated":true}]}}