{"id":8614,"date":"2022-02-09T00:05:00","date_gmt":"2022-02-09T00:05:00","guid":{"rendered":"https:\/\/www.cronicasliterarias.es\/?p=8614"},"modified":"2022-02-11T12:26:41","modified_gmt":"2022-02-11T12:26:41","slug":"resena-klimt-de-cornette-y-marc-renier","status":"publish","type":"post","link":"https:\/\/www.cronicasliterarias.es\/?p=8614","title":{"rendered":"Rese\u00f1a: Klimt, de Cornette y Marc-Renier"},"content":{"rendered":"<p align=\"JUSTIFY\"><img loading=\"lazy\" decoding=\"async\" class=\"alignleft  wp-image-8617\" src=\"https:\/\/www.cronicasliterarias.es\/wp-content\/uploads\/2022\/02\/Klimt.jpeg\" alt=\"\" width=\"244\" height=\"320\" srcset=\"https:\/\/www.cronicasliterarias.es\/wp-content\/uploads\/2022\/02\/Klimt.jpeg 480w, https:\/\/www.cronicasliterarias.es\/wp-content\/uploads\/2022\/02\/Klimt-229x300.jpeg 229w\" sizes=\"auto, (max-width: 244px) 100vw, 244px\" \/>A mi chica, mi novia, la que es desde hace casi veinte a\u00f1os mi mujer, no le gustaba mucho estudiar Historia del Arte en el instituto. Sin embargo, siempre estuvo enamorada de un lienzo. Un cuadro de Klimt que se llama <em>El Beso<\/em>. \u00bfPor qu\u00e9 cuento esto? Muy f\u00e1cil. Para mostraros la belleza de la cultura, lo que siginifica para todo ser viviente, pese a que no seas forofo, ni fan, de un tema. Desde entonces, en casa tenemos un coj\u00edn en el sof\u00e1 con la representaci\u00f3n del lienzo de Klimt. Tambi\u00e9n le regal\u00e9 unos pendientes y un colgante con esta misma ilustraci\u00f3n. No nos gusta mucho <em>El Retrato de Adele Bloch-Bauer <\/em>(tambi\u00e9n conocida como <em>La dama dorada <\/em>o<em> La dama de oro<\/em>) porque es un rostro, una pintura que da cierto miedito. Pero s\u00ed que nos encanta tambi\u00e9n <em>Dana\u00eb<\/em>. Un \u00f3leo de Gustav Klimt, creado en 1907 que es ejemplo del simbolismo, la excelencia del amor divino, la trascendencia, la belleza del cuerpo de la mujer. Decidme ahora entonces si no era vital para m\u00ed, leer, degustar y rese\u00f1ar, en esta magn\u00edfica colecci\u00f3n que est\u00e1 publicando Norma Editorial sobre grandes pintores, autores de renombre en formato c\u00f3mic; si no era s\u00faper indispensable ponerme con <em>Klimt<\/em>. Todos los matices de la vida de este genial artista en un c\u00f3mic inolvidable como bien alega su sinopsis editorial.<\/p>\n<p align=\"JUSTIFY\"><img loading=\"lazy\" decoding=\"async\" class=\"alignright  wp-image-8619\" src=\"https:\/\/www.cronicasliterarias.es\/wp-content\/uploads\/2022\/02\/klimt02-300x291.jpg\" alt=\"\" width=\"187\" height=\"181\" srcset=\"https:\/\/www.cronicasliterarias.es\/wp-content\/uploads\/2022\/02\/klimt02-300x291.jpg 300w, https:\/\/www.cronicasliterarias.es\/wp-content\/uploads\/2022\/02\/klimt02-768x744.jpg 768w, https:\/\/www.cronicasliterarias.es\/wp-content\/uploads\/2022\/02\/klimt02.jpg 800w\" sizes=\"auto, (max-width: 187px) 100vw, 187px\" \/>Este es el retrato de un pintor bohemio que amaba el arte tanto como a las mujeres. Vivi\u00f3 en Viena, inmiscuido entre la rica burgues\u00eda y muy cerquita del famoso doctor Sigmund Freud. Conoceremos en este c\u00f3mic c\u00f3mo pint\u00f3 su cuadro m\u00e1s famoso (<em>El Retrato de Adele Bloch-Bauer<\/em>), de la que hay que decir que su esposo era un rico mecenas de la industria azucarera. Y mientras le\u00eda el c\u00f3mic me pregunt\u00e9 d\u00f3nde hab\u00eda visto esta pintura recientemente. Y fue en la pel\u00edcula <em>La Dama de Oro<\/em> con la excelente Helen Mirren, porque esta obra hab\u00eda sido confiscada por los nazis durante su locura asesina contra los jud\u00edos. Y es que fue necesaria una larga batalla legal a finales de los 90 para que la heredera recuperara la posesi\u00f3n de la propiedad robada (posteriormente otorgada por 135 millones de d\u00f3lares a Ronald Lauder, el propietario de los cosm\u00e9ticos Esth\u00e9e Lauder). Pero en lo nuestro, me encuentro que el gui\u00f3n del c\u00f3mic describe bastante bien la fase de composici\u00f3n con esta reina egipcia cubierta de oro y joyas suntuosas. Es cierto que hay algunas fases ligeras, pero la lectura del c\u00f3mic es una trama agradable de principio a fin.<\/p>\n<p align=\"JUSTIFY\">Tambi\u00e9n ayuda conocer a Gustav Klimt, cuya fama se elev\u00f3 bastante tras su muerte (como suele pasar en la raza humana). Vivi\u00f3 un estrepitoso esc\u00e1ndalo durante la exposici\u00f3n en <img loading=\"lazy\" decoding=\"async\" class=\"alignleft  wp-image-8621\" src=\"https:\/\/www.cronicasliterarias.es\/wp-content\/uploads\/2022\/02\/Klimt01-291x300.jpeg\" alt=\"\" width=\"226\" height=\"233\" srcset=\"https:\/\/www.cronicasliterarias.es\/wp-content\/uploads\/2022\/02\/Klimt01-291x300.jpeg 291w, https:\/\/www.cronicasliterarias.es\/wp-content\/uploads\/2022\/02\/Klimt01.jpeg 435w\" sizes=\"auto, (max-width: 226px) 100vw, 226px\" \/>1901 de su cuadro <em>Medicina<\/em>, que fue criticado por la cr\u00edtica, nunca mejor dicho. Obviamente, pero tambi\u00e9n curiosamente, los m\u00e9dicos ten\u00edan un problema con las mujeres desnudas. Por <em>Filosof\u00eda<\/em>, Klimt ya recibi\u00f3 palos por todas partes por plasmar gente desnuda abraz\u00e1ndose en una especie de org\u00eda desbocada. Ochenta y siete profesores universitarios incluso presentaron una petici\u00f3n ante el Ministerio solicitando quitar sus pinturas de ciertos sitios, as\u00ed que el artista no lo tuvo f\u00e1cil para que aceptaran <em>Medicina<\/em>, m\u00e1s a\u00fan cuando repiti\u00f3 el concepto de cuerpos flotantes (la vida), un esqueleto (la muerte) y la figura femenina que representa a Hygeia, diosa de la curaci\u00f3n, la limpieza y la sanidad (de ah\u00ed viene la palabra \u00abhigiene\u00bb). Vestida con una t\u00fanica decorada al estilo Klimt, la diosa tiene una larga serpiente enroscada en su brazo derecho que bebe de su copa. Nos mira de forma solemne y nos da cierta seguridad. Es una maravilla. Pero hay friends, los conservadores&#8230;<\/p>\n<p align=\"JUSTIFY\">Este c\u00f3mic vuelve a ser maravilla para m\u00ed por muchas cosas. Es la esencia del arte dentro del noveno arte. En t\u00e9rminos de dise\u00f1o, podemos arrepentirnos de los colores demasiado apagados pero el resto, el contenido y gran parte del continente, es bastante satisfactorio. <img loading=\"lazy\" decoding=\"async\" class=\"alignright  wp-image-8620\" src=\"https:\/\/www.cronicasliterarias.es\/wp-content\/uploads\/2022\/02\/Klimt02-234x300.jpeg\" alt=\"\" width=\"148\" height=\"189\" srcset=\"https:\/\/www.cronicasliterarias.es\/wp-content\/uploads\/2022\/02\/Klimt02-234x300.jpeg 234w, https:\/\/www.cronicasliterarias.es\/wp-content\/uploads\/2022\/02\/Klimt02.jpeg 397w\" sizes=\"auto, (max-width: 148px) 100vw, 148px\" \/>Cada vez m\u00e1s enamorado de esta colecci\u00f3n que Norma Editorial est\u00e1 editando. Adem\u00e1s, Klimt sigue siendo noticia a d\u00eda de hoy porque dos jardineros han encontrado una de sus obras que fue robada hace casi veinte a\u00f1os.<\/p>\n<p align=\"JUSTIFY\">Pasen y vean, como se dec\u00eda antes en los museos.<\/p>\n","protected":false},"excerpt":{"rendered":"<p>A mi chica, mi novia, la que es desde hace casi veinte a\u00f1os mi mujer, no le gustaba mucho estudiar Historia del Arte en el instituto. Sin embargo, siempre estuvo enamorada de un lienzo. Un cuadro de Klimt que se llama El Beso. \u00bfPor qu\u00e9 cuento esto? Muy f\u00e1cil. Para mostraros la belleza de la [&hellip;]<\/p>\n","protected":false},"author":4,"featured_media":0,"comment_status":"closed","ping_status":"closed","sticky":false,"template":"","format":"standard","meta":{"footnotes":""},"categories":[53,279,44,30,6],"tags":[297,305,11,22,10],"class_list":["post-8614","post","type-post","status-publish","format-standard","hentry","category-bd","category-biografia","category-comic-europeo","category-norma-editorial","category-resenas","tag-comic-europeo-2022","tag-grandes-pintores","tag-j-j-castillo","tag-norma-editorial","tag-resenas"],"_links":{"self":[{"href":"https:\/\/www.cronicasliterarias.es\/index.php?rest_route=\/wp\/v2\/posts\/8614","targetHints":{"allow":["GET"]}}],"collection":[{"href":"https:\/\/www.cronicasliterarias.es\/index.php?rest_route=\/wp\/v2\/posts"}],"about":[{"href":"https:\/\/www.cronicasliterarias.es\/index.php?rest_route=\/wp\/v2\/types\/post"}],"author":[{"embeddable":true,"href":"https:\/\/www.cronicasliterarias.es\/index.php?rest_route=\/wp\/v2\/users\/4"}],"replies":[{"embeddable":true,"href":"https:\/\/www.cronicasliterarias.es\/index.php?rest_route=%2Fwp%2Fv2%2Fcomments&post=8614"}],"version-history":[{"count":4,"href":"https:\/\/www.cronicasliterarias.es\/index.php?rest_route=\/wp\/v2\/posts\/8614\/revisions"}],"predecessor-version":[{"id":8632,"href":"https:\/\/www.cronicasliterarias.es\/index.php?rest_route=\/wp\/v2\/posts\/8614\/revisions\/8632"}],"wp:attachment":[{"href":"https:\/\/www.cronicasliterarias.es\/index.php?rest_route=%2Fwp%2Fv2%2Fmedia&parent=8614"}],"wp:term":[{"taxonomy":"category","embeddable":true,"href":"https:\/\/www.cronicasliterarias.es\/index.php?rest_route=%2Fwp%2Fv2%2Fcategories&post=8614"},{"taxonomy":"post_tag","embeddable":true,"href":"https:\/\/www.cronicasliterarias.es\/index.php?rest_route=%2Fwp%2Fv2%2Ftags&post=8614"}],"curies":[{"name":"wp","href":"https:\/\/api.w.org\/{rel}","templated":true}]}}