{"id":8645,"date":"2022-02-13T00:05:00","date_gmt":"2022-02-13T00:05:00","guid":{"rendered":"https:\/\/www.cronicasliterarias.es\/?p=8645"},"modified":"2022-02-15T10:48:03","modified_gmt":"2022-02-15T10:48:03","slug":"resena-serena-de-anne-coraline-pandolfo-terkel-risbjerg-y-ron-rash","status":"publish","type":"post","link":"https:\/\/www.cronicasliterarias.es\/?p=8645","title":{"rendered":"Rese\u00f1a: Serena, de Anne-Coraline Pandolfo, Terkel Risbjerg y Ron Rash"},"content":{"rendered":"<p align=\"JUSTIFY\"><img loading=\"lazy\" decoding=\"async\" class=\"alignright  wp-image-8647\" src=\"https:\/\/www.cronicasliterarias.es\/wp-content\/uploads\/2022\/02\/serena.jpg\" alt=\"\" width=\"247\" height=\"334\" srcset=\"https:\/\/www.cronicasliterarias.es\/wp-content\/uploads\/2022\/02\/serena.jpg 532w, https:\/\/www.cronicasliterarias.es\/wp-content\/uploads\/2022\/02\/serena-222x300.jpg 222w\" sizes=\"auto, (max-width: 247px) 100vw, 247px\" \/>He aqu\u00ed un \u00e1lbum que desarrolla una extra\u00f1a historia, en torno a una mujer tan fuerte como enigm\u00e1tica (e inquietante), con adem\u00e1s una relaci\u00f3n igualmente extra\u00f1a entre esta mujer (Serena) y su marido. Una historia que agradec\u00ed que no se me entregara \u201ctodas las llaves\u201d de la mansi\u00f3n argumental que propone, quedando cierto misterio, misterio acentuado por la presencia del alma maldita de Serena. Una se\u00f1ora que realiza sus bajas obras y por tanto la mirada (especie de jorobado manco ante la tez l\u00edvida y rostro da\u00f1ado) signo de la presencia diab\u00f3lica que es. Adem\u00e1s, \u00bfno es el pelo rojo de Serena la marca del diablo como pensaban muchos en la Edad Media?<\/p>\n<p align=\"JUSTIFY\">El hecho de que la historia transcurra en USA durante la Gran Depresi\u00f3n de los a\u00f1os 30, con sus desgracias laborales y costumbristas (lo vemos aqu\u00ed con estos pobres trabajadores arriesgando sus vidas para ganar unos m\u00edseros) refuerza el lado oscuro de la historia. <img loading=\"lazy\" decoding=\"async\" class=\"alignleft  wp-image-8650\" src=\"https:\/\/www.cronicasliterarias.es\/wp-content\/uploads\/2022\/02\/serena04-300x220.jpg\" alt=\"\" width=\"176\" height=\"129\" srcset=\"https:\/\/www.cronicasliterarias.es\/wp-content\/uploads\/2022\/02\/serena04-300x220.jpg 300w, https:\/\/www.cronicasliterarias.es\/wp-content\/uploads\/2022\/02\/serena04.jpg 411w\" sizes=\"auto, (max-width: 176px) 100vw, 176px\" \/>Por lo tanto, <em>Serena<\/em> est\u00e1 habitada por una ambici\u00f3n fr\u00eda, que la hace rechazar todo lo que pueda interponerse en su camino, y yendo hasta el final, ya sea para hacer borr\u00f3n y cuenta nueva en torno a su marido, sus inversiones en tierras (ver deforestaci\u00f3n fren\u00e9tica, que va de la mano mano con la acumulaci\u00f3n de muertes que cada vez parecen menos naturales); y si al principio esta chica trabajadora fascina y atrae, r\u00e1pidamente perdemos la empat\u00eda que sentimos y aparece resaltando su lado m\u00e1s oscuro cautivando al lector de un modo pocas veces visto en un c\u00f3mic.<\/p>\n<p align=\"JUSTIFY\">La frialdad con que se presenta (incluso con su marido) da la impresi\u00f3n de que lleva una m\u00e1scara. Serena es una especie de personaje de teatro antiguo, car\u00e1cter enigm\u00e1tico y enfermizo, Serena destila a su alrededor un veneno que act\u00faa con mayor o menor rapidez pero que termina funcionando. Como lectores vais a tomar gradualmente conciencia de su <img loading=\"lazy\" decoding=\"async\" class=\"alignright size-medium wp-image-8651\" src=\"https:\/\/www.cronicasliterarias.es\/wp-content\/uploads\/2022\/02\/serena03-300x191.jpg\" alt=\"\" width=\"300\" height=\"191\" srcset=\"https:\/\/www.cronicasliterarias.es\/wp-content\/uploads\/2022\/02\/serena03-300x191.jpg 300w, https:\/\/www.cronicasliterarias.es\/wp-content\/uploads\/2022\/02\/serena03.jpg 741w\" sizes=\"auto, (max-width: 300px) 100vw, 300px\" \/>efecto y no solo en el ambiente inquieto que deja durante la lectura sino en la trama que termina por ser un historia s\u00faper interesante hasta el final.<\/p>\n<p align=\"JUSTIFY\">Una adaptaci\u00f3n de una novela de Ron Rash (no conoc\u00eda a este autor y no puedo decir si supera o no la inspiraci\u00f3n original), pero un \u00e1lbum que conserva la profundidad psicol\u00f3gica que muchas veces se pierde en la transici\u00f3n de novela a c\u00f3mic. Estoy seguro sin haber leido la novela. Tenemos un escenario oscuro y triste, solo iluminado por el cabello rojo de Serena. Una trama que se extiende sobre las llanuras del Lejano Oeste, en medio de la tala constante de \u00e1rboles, en pleno apogeo cuando todo era barato excepto para el pobre o el ind\u00edgena despojado de su tierra.<\/p>\n<p align=\"JUSTIFY\"><img loading=\"lazy\" decoding=\"async\" class=\"alignleft  wp-image-8649\" src=\"https:\/\/www.cronicasliterarias.es\/wp-content\/uploads\/2022\/02\/serena02-300x259.jpg\" alt=\"\" width=\"168\" height=\"145\" srcset=\"https:\/\/www.cronicasliterarias.es\/wp-content\/uploads\/2022\/02\/serena02-300x259.jpg 300w, https:\/\/www.cronicasliterarias.es\/wp-content\/uploads\/2022\/02\/serena02-768x664.jpg 768w, https:\/\/www.cronicasliterarias.es\/wp-content\/uploads\/2022\/02\/serena02.jpg 789w\" sizes=\"auto, (max-width: 168px) 100vw, 168px\" \/>Inquietante obra, con la que se cierra la garganta en m\u00e1s de una ocasi\u00f3n. Lo simple pero efectivo de su dibujo me encanta. Nueva joyita de la BD publicada en nuestro pa\u00eds por Ponent Mon.<\/p>\n","protected":false},"excerpt":{"rendered":"<p>He aqu\u00ed un \u00e1lbum que desarrolla una extra\u00f1a historia, en torno a una mujer tan fuerte como enigm\u00e1tica (e inquietante), con adem\u00e1s una relaci\u00f3n igualmente extra\u00f1a entre esta mujer (Serena) y su marido. Una historia que agradec\u00ed que no se me entregara \u201ctodas las llaves\u201d de la mansi\u00f3n argumental que propone, quedando cierto misterio, misterio [&hellip;]<\/p>\n","protected":false},"author":4,"featured_media":0,"comment_status":"closed","ping_status":"closed","sticky":false,"template":"","format":"standard","meta":{"footnotes":""},"categories":[53,44,18,6,46],"tags":[297,11,19,10],"class_list":["post-8645","post","type-post","status-publish","format-standard","hentry","category-bd","category-comic-europeo","category-ponent-mon","category-resenas","category-thriller","tag-comic-europeo-2022","tag-j-j-castillo","tag-ponent-mon","tag-resenas"],"_links":{"self":[{"href":"https:\/\/www.cronicasliterarias.es\/index.php?rest_route=\/wp\/v2\/posts\/8645","targetHints":{"allow":["GET"]}}],"collection":[{"href":"https:\/\/www.cronicasliterarias.es\/index.php?rest_route=\/wp\/v2\/posts"}],"about":[{"href":"https:\/\/www.cronicasliterarias.es\/index.php?rest_route=\/wp\/v2\/types\/post"}],"author":[{"embeddable":true,"href":"https:\/\/www.cronicasliterarias.es\/index.php?rest_route=\/wp\/v2\/users\/4"}],"replies":[{"embeddable":true,"href":"https:\/\/www.cronicasliterarias.es\/index.php?rest_route=%2Fwp%2Fv2%2Fcomments&post=8645"}],"version-history":[{"count":5,"href":"https:\/\/www.cronicasliterarias.es\/index.php?rest_route=\/wp\/v2\/posts\/8645\/revisions"}],"predecessor-version":[{"id":8655,"href":"https:\/\/www.cronicasliterarias.es\/index.php?rest_route=\/wp\/v2\/posts\/8645\/revisions\/8655"}],"wp:attachment":[{"href":"https:\/\/www.cronicasliterarias.es\/index.php?rest_route=%2Fwp%2Fv2%2Fmedia&parent=8645"}],"wp:term":[{"taxonomy":"category","embeddable":true,"href":"https:\/\/www.cronicasliterarias.es\/index.php?rest_route=%2Fwp%2Fv2%2Fcategories&post=8645"},{"taxonomy":"post_tag","embeddable":true,"href":"https:\/\/www.cronicasliterarias.es\/index.php?rest_route=%2Fwp%2Fv2%2Ftags&post=8645"}],"curies":[{"name":"wp","href":"https:\/\/api.w.org\/{rel}","templated":true}]}}