{"id":8721,"date":"2022-02-21T00:05:00","date_gmt":"2022-02-21T00:05:00","guid":{"rendered":"https:\/\/www.cronicasliterarias.es\/?p=8721"},"modified":"2022-02-23T11:32:28","modified_gmt":"2022-02-23T11:32:28","slug":"resena-legion-de-super-heroes-la-saga-de-la-gran-oscuridad-de-paul-levitz-y-keith-giffen","status":"publish","type":"post","link":"https:\/\/www.cronicasliterarias.es\/?p=8721","title":{"rendered":"Rese\u00f1a: Legi\u00f3n de S\u00faper-H\u00e9roes. La Saga de la Gran Oscuridad, de Paul Levitz y Keith Giffen"},"content":{"rendered":"<p align=\"JUSTIFY\"><img loading=\"lazy\" decoding=\"async\" class=\"alignright  wp-image-8722\" src=\"https:\/\/www.cronicasliterarias.es\/wp-content\/uploads\/2022\/02\/legion_superheroes_saga_gran_oscuridad.jpg\" alt=\"\" width=\"202\" height=\"311\" srcset=\"https:\/\/www.cronicasliterarias.es\/wp-content\/uploads\/2022\/02\/legion_superheroes_saga_gran_oscuridad.jpg 407w, https:\/\/www.cronicasliterarias.es\/wp-content\/uploads\/2022\/02\/legion_superheroes_saga_gran_oscuridad-195x300.jpg 195w\" sizes=\"auto, (max-width: 202px) 100vw, 202px\" \/>Uno de los mejores eventos DC que se pueden encontrar entre las novedades de febrero es, sin duda, <em>La Saga de la Gran Oscuridad<\/em> que se recogi\u00f3 dentro de la colecci\u00f3n <em>Legi\u00f3n de Super-H\u00e9roes<\/em>. Vuelve a estar disponible esta joyita de los 80s, la mejor d\u00e9cada donde el c\u00f3mic de pijameo toc\u00f3 las estrellas, nunca mejor dicho. Y es que ECC Ediciones recopila de forma completa <em>La Saga de la Gran Oscuridad,<\/em> as\u00ed como los episodios inmediatamente anteriores y posteriores, en un s\u00f3lo volumen que supone una buena muestra de una de las \u00e9pocas doradas del c\u00f3mic en la que Paul Levitz y Keith Giffen fueron maestros en lo suyo.<\/p>\n<p align=\"JUSTIFY\">La historia comienza con la Legi\u00f3n de Super-H\u00e9roes en medio de un per\u00edodo de transici\u00f3n. Los miembros m\u00e1s cl\u00e1sicos y la parejita de casados de Bouncing Boy y Duo Damsel anuncian al l\u00edder de la Legi\u00f3n (Lightning Lad) que dejan el grupo. Por supuesto, al ser \u00e9l mismo un hombre casado (con la ex-l\u00edder de la Legi\u00f3n, Saturn Girl), Garth comprende totalmente las razones de sus amigos para retirarse por lo que les desea todo lo mejor. Dicha reuni\u00f3n se interrumpe con una alarma activa en el hospital principal espacial de gravedad nula el cual est\u00e1 siendo atacado por un grupo de organleggers; ladrones armados que intentan robar \u00f3rganos para venderlos en el mercado negro.<\/p>\n<p align=\"JUSTIFY\"><img loading=\"lazy\" decoding=\"async\" class=\"alignleft  wp-image-8723\" src=\"https:\/\/www.cronicasliterarias.es\/wp-content\/uploads\/2022\/02\/legion_superheroes_saga_gran_oscuridad01-201x300.jpg\" alt=\"\" width=\"145\" height=\"216\" srcset=\"https:\/\/www.cronicasliterarias.es\/wp-content\/uploads\/2022\/02\/legion_superheroes_saga_gran_oscuridad01-201x300.jpg 201w, https:\/\/www.cronicasliterarias.es\/wp-content\/uploads\/2022\/02\/legion_superheroes_saga_gran_oscuridad01.jpg 248w\" sizes=\"auto, (max-width: 145px) 100vw, 145px\" \/>Pero los organleggers no saben (as\u00ed como para la mayor\u00eda de los miembros de la Legi\u00f3n), que Timber Wolf y Light Lass ya estaban a bordo del hospital en \u00f3rbita, lo que significa que Brin r\u00e1pidamente destroza a la mayor\u00eda de los monstruitos armados (escenas de lucha, esas que nos pon\u00edan el sistema nervisoso a los ni\u00f1os de los 80 por las nubes). Bien. Pues respondiendo a la llamada de socorro, un escuadr\u00f3n de legionarios entre los que se encuentran Wildfire, Dawnstar y Ultra Boy limpian el sitio de organleggers que intentan huir de la escena. Mientras tanto, en la Tierra, mientras Bouncing Boy y Duo Damsel se asientan como monitores, reciben una llamada de Karate Kid, quien les informa que \u00e9l y Princess Projectra han regresado a su mundo natal y estar\u00e1n fuera de contacto por un tiempo. \u00a1Se est\u00e1n yendo todos! De vuelta al hospital orbital Medicus One, la Legi\u00f3n termina de limpiar y arreglar lo da\u00f1ado cuando Garth descubre porqu\u00e9 Timber Wolf y Light Lass estaban a bordo en el momento del ataque: Timber Wolf reci\u00e9n despierta de su cirug\u00eda pl\u00e1stica (la del siglo XXX), que restaura su aspecto humano.<\/p>\n<p align=\"JUSTIFY\">Como veis, todo comienza muy c\u00f3mic con situaciones de acci\u00f3n, calma, asuntos propios, temas costumbristas, y de pronto, m\u00e1s acci\u00f3n. Estos eran los puntos fuertes del c\u00f3mic ochentero, una gloriosa \u00e9poca de historias chulas en todos sus puntos, atractivas. Ejemplo: mientras Ayla camina por una de las estaciones en el ala de recuperaci\u00f3n preocup\u00e1ndose por su chico, el peligro golpea una vez m\u00e1s cuando una extra\u00f1a criatura llamada Organus se <img loading=\"lazy\" decoding=\"async\" class=\"alignright size-medium wp-image-8725\" src=\"https:\/\/www.cronicasliterarias.es\/wp-content\/uploads\/2022\/02\/legion_superheroes_saga_gran_oscuridad03-300x232.jpg\" alt=\"\" width=\"300\" height=\"232\" srcset=\"https:\/\/www.cronicasliterarias.es\/wp-content\/uploads\/2022\/02\/legion_superheroes_saga_gran_oscuridad03-300x232.jpg 300w, https:\/\/www.cronicasliterarias.es\/wp-content\/uploads\/2022\/02\/legion_superheroes_saga_gran_oscuridad03.jpg 336w\" sizes=\"auto, (max-width: 300px) 100vw, 300px\" \/>escapa y comienza a drenar la energ\u00eda vital de todos los seres conscientes en su proximidad. Captura a Light Lass con sus tent\u00e1culos alien\u00edgenas pero antes de que pueda drenarla por completo, Timber Wolf salta a su rescate.<\/p>\n<p align=\"JUSTIFY\">Una criatura demasiado poderosa&#8230; \u00bfVeis? De nuevo, estamos en la acci\u00f3n y estos autores con sus dibujacos y gui\u00f3n sab\u00edan como engancharnos. Siempre dir\u00e9 que estas historias la mayor\u00eda envejecieron bien. Y <em>La Saga de la Gran Oscuridad<\/em> es otro ejemplo de que estamos ante tramas eternas que se disfrutan por muchos a\u00f1os que pasen.<\/p>\n<p align=\"JUSTIFY\">A muchos de ustedes, aunque visualmente seguro os atrae, pongo la mano en el fuego a que seguramente no ten\u00e9is muy claro qu\u00e9 o qui\u00e9nes son la Legi\u00f3n de S\u00faper-Heroes. Y no solo a los j\u00f3venes, tambi\u00e9n a los que en su d\u00eda no pod\u00edan conseguir estas colecciones que llegaban con cuenta gotas a nuestro retrasado pa\u00eds en cuanto a lo friki.<\/p>\n<p align=\"JUSTIFY\">Os comento. <em>Legi\u00f3n de S\u00faper-H\u00e9roes<\/em> fue una colecci\u00f3n sobre un grupo que se desarrollaba en el siglo XXX, donde obviamente los superheroes DC que conocemos ya no est\u00e1n. Creados a finales de la d\u00e9cada de los 50 por Otto Binder y el dibujante Al Plastino, en un principio se nos present\u00f3 a este grupo como unos adolescentes que visitaban nuestro <img loading=\"lazy\" decoding=\"async\" class=\"alignleft  wp-image-8724\" src=\"https:\/\/www.cronicasliterarias.es\/wp-content\/uploads\/2022\/02\/legion_superheroes_saga_gran_oscuridad04.jpg\" alt=\"\" width=\"156\" height=\"379\" srcset=\"https:\/\/www.cronicasliterarias.es\/wp-content\/uploads\/2022\/02\/legion_superheroes_saga_gran_oscuridad04.jpg 250w, https:\/\/www.cronicasliterarias.es\/wp-content\/uploads\/2022\/02\/legion_superheroes_saga_gran_oscuridad04-123x300.jpg 123w\" sizes=\"auto, (max-width: 156px) 100vw, 156px\" \/>tiempo desde el futuro b\u00e1sicamente para conocer a Superboy (toda una leyenda en el lugar del que proced\u00edan). Tras sus inicios, el grupo tuvo cantidad de integrantes, un n\u00famero alto de miembros comparable \u00fanicamente a la Liga de la Justicia. Pero lo bueno de este tomo es que no vamos directamente a <em>La Saga de la Gran Oscuridad<\/em>, sino que se nos prepara para ello. Y donde Darkseid es, por supuesto, el Mal personificado que llevar\u00e1 a todos a un sinvivir. \u00bfEl grueso de la trama? Son esos cultistas que empiezan a robar artilugios m\u00e1gicos con un oscuro prop\u00f3sito, pero tened por seguro que Darkseid es el gran villano a batir. Y eso, ni siquiera se esconde en la portada del integral.<\/p>\n<p align=\"JUSTIFY\">No necesit\u00e1is saber m\u00e1s. Un tomo ideal para acercarse a la Legi\u00f3n de S\u00faper-H\u00e9roes por primera vez. A lo ochentero, llegas de nuevas y tienes impactos en toda la cara. Como no lo voy a recomendar.<\/p>\n","protected":false},"excerpt":{"rendered":"<p>Uno de los mejores eventos DC que se pueden encontrar entre las novedades de febrero es, sin duda, La Saga de la Gran Oscuridad que se recogi\u00f3 dentro de la colecci\u00f3n Legi\u00f3n de Super-H\u00e9roes. Vuelve a estar disponible esta joyita de los 80s, la mejor d\u00e9cada donde el c\u00f3mic de pijameo toc\u00f3 las estrellas, nunca [&hellip;]<\/p>\n","protected":false},"author":4,"featured_media":0,"comment_status":"closed","ping_status":"closed","sticky":false,"template":"","format":"standard","meta":{"footnotes":""},"categories":[49,29,74,6],"tags":[73,307,11,10],"class_list":["post-8721","post","type-post","status-publish","format-standard","hentry","category-comics","category-ecc-ediciones","category-integral","category-resenas","tag-ecc-ediciones-dc-comics","tag-evento-dc","tag-j-j-castillo","tag-resenas"],"_links":{"self":[{"href":"https:\/\/www.cronicasliterarias.es\/index.php?rest_route=\/wp\/v2\/posts\/8721","targetHints":{"allow":["GET"]}}],"collection":[{"href":"https:\/\/www.cronicasliterarias.es\/index.php?rest_route=\/wp\/v2\/posts"}],"about":[{"href":"https:\/\/www.cronicasliterarias.es\/index.php?rest_route=\/wp\/v2\/types\/post"}],"author":[{"embeddable":true,"href":"https:\/\/www.cronicasliterarias.es\/index.php?rest_route=\/wp\/v2\/users\/4"}],"replies":[{"embeddable":true,"href":"https:\/\/www.cronicasliterarias.es\/index.php?rest_route=%2Fwp%2Fv2%2Fcomments&post=8721"}],"version-history":[{"count":3,"href":"https:\/\/www.cronicasliterarias.es\/index.php?rest_route=\/wp\/v2\/posts\/8721\/revisions"}],"predecessor-version":[{"id":8735,"href":"https:\/\/www.cronicasliterarias.es\/index.php?rest_route=\/wp\/v2\/posts\/8721\/revisions\/8735"}],"wp:attachment":[{"href":"https:\/\/www.cronicasliterarias.es\/index.php?rest_route=%2Fwp%2Fv2%2Fmedia&parent=8721"}],"wp:term":[{"taxonomy":"category","embeddable":true,"href":"https:\/\/www.cronicasliterarias.es\/index.php?rest_route=%2Fwp%2Fv2%2Fcategories&post=8721"},{"taxonomy":"post_tag","embeddable":true,"href":"https:\/\/www.cronicasliterarias.es\/index.php?rest_route=%2Fwp%2Fv2%2Ftags&post=8721"}],"curies":[{"name":"wp","href":"https:\/\/api.w.org\/{rel}","templated":true}]}}