{"id":8791,"date":"2022-02-28T00:05:00","date_gmt":"2022-02-28T00:05:00","guid":{"rendered":"https:\/\/www.cronicasliterarias.es\/?p=8791"},"modified":"2022-02-28T11:37:23","modified_gmt":"2022-02-28T11:37:23","slug":"resena-nacido-salvaje-de-oscar-aibar-y-fernando-de-felipe","status":"publish","type":"post","link":"https:\/\/www.cronicasliterarias.es\/?p=8791","title":{"rendered":"Rese\u00f1a: Nacido Salvaje, de \u00d3scar Aibar y Fernando de Felipe"},"content":{"rendered":"<p align=\"JUSTIFY\"><img loading=\"lazy\" decoding=\"async\" class=\"alignleft  wp-image-8793\" src=\"https:\/\/www.cronicasliterarias.es\/wp-content\/uploads\/2022\/03\/nacido_salvaje.jpg\" alt=\"\" width=\"223\" height=\"301\" srcset=\"https:\/\/www.cronicasliterarias.es\/wp-content\/uploads\/2022\/03\/nacido_salvaje.jpg 464w, https:\/\/www.cronicasliterarias.es\/wp-content\/uploads\/2022\/03\/nacido_salvaje-222x300.jpg 222w\" sizes=\"auto, (max-width: 223px) 100vw, 223px\" \/>\u00d3scar Aibar es el autor de <em>ADN<\/em> y de <em>Nacido Salvaje<\/em>, obra que reci\u00e9n publica ECC Ediciones. El se\u00f1or Aibar es un director de cine, guionista de c\u00f3mics, realizador de televisi\u00f3n y escritor paisano de los nuestros. Comenz\u00f3 trabajando como guionista de historietas para varias editoriales y revistas que pegaron en nuestro pa\u00eds muy fuerte en los 80 y 90. Revistas como <em>Totem, Cimoc, Zona 84, El V\u00edbora<\/em> o <em>Makoki<\/em>. Pero m\u00e1s tarde subi\u00f3 algo m\u00e1s en el ranking de retenciones del IRPF llegando a ser guionista y director de series y programas de diversos canales de televisi\u00f3n como TVE, Canal+ o TV3, adem\u00e1s de videoclips y anuncios publicitarios. En 1995 comienza sus trabajos como director de cine, dirigiendo hasta ahora cinco largometrajes, un telefilme y tres cortometrajes, adem\u00e1s de publicar tres obras literarias. \u00bfBien? Qu\u00e9 quiero decir&#8230; Pues f\u00e1cil, estamos ante un grande, ante un creativo de los potentes. Y aunque no recordaba haber distinguido alguna obra suya dentro de las revistas mencionadas, obviamente, tenida que haber leido bastante de \u00e9l en aquellos a\u00f1os casi sin saberlo. Fue lo principal y lo que me llev\u00f3 a querer leer y rese\u00f1ar <em>Nacido Salvaje<\/em>. Pese a que el titulo ha sido ubicado en la colecci\u00f3n que lleva adelante ECC sobre la obra de Fernando de Felipe. \u00bfY entonces Fernando de Felipe? Pues otro que tal anda&#8230; Profesor de universidad, nacido en Zaragoza en 1965 y que ejerce tambi\u00e9n de guionista de cine (autor de la maravillosa <em>Darkness<\/em>) y televisi\u00f3n, adem\u00e1s de haber sido uno de los grandes historietistas tambi\u00e9n de finales de los 80 y principios de los 90. Fernando de Felipe estudi\u00f3 Bellas Artes en Universidad de Barcelona, iniciando su trayectoria como historietista en un mercado en crisis, como era el espa\u00f1ol de aquellas d\u00e9cadas. Pero trabaj\u00f3 en las revistas de Toutain Editor y lanz\u00f3 <em>Nacido Salvaje<\/em> en 1988 junto a \u00d3scar, obra que gust\u00f3 bastante entre los aficionados.<\/p>\n<p align=\"JUSTIFY\"><img loading=\"lazy\" decoding=\"async\" class=\"aligncenter  wp-image-8796\" src=\"https:\/\/www.cronicasliterarias.es\/wp-content\/uploads\/2022\/03\/nacido_salvaje01.jpg\" alt=\"\" width=\"447\" height=\"195\" srcset=\"https:\/\/www.cronicasliterarias.es\/wp-content\/uploads\/2022\/03\/nacido_salvaje01.jpg 585w, https:\/\/www.cronicasliterarias.es\/wp-content\/uploads\/2022\/03\/nacido_salvaje01-300x131.jpg 300w\" sizes=\"auto, (max-width: 447px) 100vw, 447px\" \/><\/p>\n<p align=\"JUSTIFY\">Una obra que mola que haya sido rescatada pues no es otra cosa que una buen\u00edsima carta de presentaci\u00f3n del t\u00e1ndem que formaron estos dos maestros del c\u00f3mic espa\u00f1ol. \u00bfY qu\u00e9 es <em>Nacido Salvaje<\/em>? F\u00e1cil tambi\u00e9n. Una antolog\u00eda de historias cortas publicadas originalmente entre 1988 y 1989 en la revista <em>Totem El Comix<\/em>, a\u00f1os en los que la guerra de Vietnam se puso muy de moda. O al menos, las historias \u00e9picas y de heroicidades norteamericanas versadas en ella. En cine, ya sab\u00e9is: <em>Acorralado, Comando, La colina de hamburguesa&#8230;<\/em> Pero <em>Nacido Salvaje<\/em> es un cojunto de relatos que centran su atenci\u00f3n en las v\u00edctimas, los verdugos y los testigos de las atrocidades inherentes a todo conflicto b\u00e9lico. En definitiva, una antolog\u00eda de relatos b\u00e9licos a cargo de \u00d3scar Aibar y Fernando de Felipe y el primer volumen para la inaugurada Biblioteca Fernando de Felipe.<\/p>\n<p align=\"JUSTIFY\">Una obra que no se corta un pelo en mostrar al lector las atrocidades cometidas por los estadounidenses durante su paso y salida por la puerta de atr\u00e1s de la guerra de Vietnam. Con un dibujo atemporal al que le sienta perfectamente el bitono verde que se ha empleado para esta edici\u00f3n. Historia recopiladas: <em>Una monta\u00f1a blanca, El rostro impasible, La sangre sobre la sangre, El hombre que mat\u00f3 a J.F. Kennedy, The End, Naturaleza Muerta, Nacido Salvaje<\/em> y la adaptaci\u00f3n de la canci\u00f3n<em> Hell\u2019s half acres<\/em>, de Robbie Robertson. Personajes venidos a menos por desgaste que son tambi\u00e9n v\u00edctimas y que lidian por tener una vida placentera, cueste lo que cueste.<\/p>\n<p align=\"JUSTIFY\"><img loading=\"lazy\" decoding=\"async\" class=\"aligncenter  wp-image-8794\" src=\"https:\/\/www.cronicasliterarias.es\/wp-content\/uploads\/2022\/03\/nacido_salvaje03.jpg\" alt=\"\" width=\"406\" height=\"177\" srcset=\"https:\/\/www.cronicasliterarias.es\/wp-content\/uploads\/2022\/03\/nacido_salvaje03.jpg 900w, https:\/\/www.cronicasliterarias.es\/wp-content\/uploads\/2022\/03\/nacido_salvaje03-300x131.jpg 300w, https:\/\/www.cronicasliterarias.es\/wp-content\/uploads\/2022\/03\/nacido_salvaje03-768x335.jpg 768w\" sizes=\"auto, (max-width: 406px) 100vw, 406px\" \/><\/p>\n<p align=\"JUSTIFY\">Una obra con bastante profundidad.<\/p>\n","protected":false},"excerpt":{"rendered":"<p>\u00d3scar Aibar es el autor de ADN y de Nacido Salvaje, obra que reci\u00e9n publica ECC Ediciones. El se\u00f1or Aibar es un director de cine, guionista de c\u00f3mics, realizador de televisi\u00f3n y escritor paisano de los nuestros. Comenz\u00f3 trabajando como guionista de historietas para varias editoriales y revistas que pegaron en nuestro pa\u00eds muy fuerte [&hellip;]<\/p>\n","protected":false},"author":4,"featured_media":0,"comment_status":"closed","ping_status":"closed","sticky":false,"template":"","format":"standard","meta":{"footnotes":""},"categories":[55,204,49,29,6],"tags":[309,125,11,10],"class_list":["post-8791","post","type-post","status-publish","format-standard","hentry","category-antologia","category-belico","category-comics","category-ecc-ediciones","category-resenas","tag-biblioteca-fernando-de-felipe","tag-ecc-ediciones","tag-j-j-castillo","tag-resenas"],"_links":{"self":[{"href":"https:\/\/www.cronicasliterarias.es\/index.php?rest_route=\/wp\/v2\/posts\/8791","targetHints":{"allow":["GET"]}}],"collection":[{"href":"https:\/\/www.cronicasliterarias.es\/index.php?rest_route=\/wp\/v2\/posts"}],"about":[{"href":"https:\/\/www.cronicasliterarias.es\/index.php?rest_route=\/wp\/v2\/types\/post"}],"author":[{"embeddable":true,"href":"https:\/\/www.cronicasliterarias.es\/index.php?rest_route=\/wp\/v2\/users\/4"}],"replies":[{"embeddable":true,"href":"https:\/\/www.cronicasliterarias.es\/index.php?rest_route=%2Fwp%2Fv2%2Fcomments&post=8791"}],"version-history":[{"count":4,"href":"https:\/\/www.cronicasliterarias.es\/index.php?rest_route=\/wp\/v2\/posts\/8791\/revisions"}],"predecessor-version":[{"id":8810,"href":"https:\/\/www.cronicasliterarias.es\/index.php?rest_route=\/wp\/v2\/posts\/8791\/revisions\/8810"}],"wp:attachment":[{"href":"https:\/\/www.cronicasliterarias.es\/index.php?rest_route=%2Fwp%2Fv2%2Fmedia&parent=8791"}],"wp:term":[{"taxonomy":"category","embeddable":true,"href":"https:\/\/www.cronicasliterarias.es\/index.php?rest_route=%2Fwp%2Fv2%2Fcategories&post=8791"},{"taxonomy":"post_tag","embeddable":true,"href":"https:\/\/www.cronicasliterarias.es\/index.php?rest_route=%2Fwp%2Fv2%2Ftags&post=8791"}],"curies":[{"name":"wp","href":"https:\/\/api.w.org\/{rel}","templated":true}]}}