{"id":9213,"date":"2022-04-11T00:05:00","date_gmt":"2022-04-11T00:05:00","guid":{"rendered":"https:\/\/www.cronicasliterarias.es\/?p=9213"},"modified":"2022-04-11T11:25:42","modified_gmt":"2022-04-11T11:25:42","slug":"resena-batman-el-impostor-de-mattson-tomlim-andrea-sorrentino-y-jordie-bellaire","status":"publish","type":"post","link":"https:\/\/www.cronicasliterarias.es\/?p=9213","title":{"rendered":"Rese\u00f1a: Batman. El Impostor, de Mattson Tomlim, Andrea Sorrentino y Jordie Bellaire"},"content":{"rendered":"<p align=\"JUSTIFY\"><img loading=\"lazy\" decoding=\"async\" class=\"alignleft  wp-image-9215\" src=\"https:\/\/www.cronicasliterarias.es\/wp-content\/uploads\/2022\/04\/batman_el_impostor.jpg\" alt=\"\" width=\"203\" height=\"313\" srcset=\"https:\/\/www.cronicasliterarias.es\/wp-content\/uploads\/2022\/04\/batman_el_impostor.jpg 420w, https:\/\/www.cronicasliterarias.es\/wp-content\/uploads\/2022\/04\/batman_el_impostor-194x300.jpg 194w\" sizes=\"auto, (max-width: 203px) 100vw, 203px\" \/>En una semana con m\u00e1s tiempo o vacaciones, \u00bfa qui\u00e9n no le va a apetecer cogerse uno de estos tomitos tan chulos del orejas picudas que publica ECC Ediciones en nuestro pa\u00eds y que recopila un arco argumental completo. Aventura que disfrutar y quien sabe si comentar con alguien alg\u00fan dia en mesa de debate. Para los que os guste de alg\u00fan modo saber a lo que v\u00e1is y no gastar pasta por gastar (que no est\u00e1 la cosa para tirar cohetes), con esta rese\u00f1a me dirijo a vosotros para rese\u00f1aros <em>Batman: El Impostor<\/em>, donde el director y guionista cinematogr\u00e1fico Mattson Tomlin, art\u00edfice de <em>Proyecto Power<\/em> y <em>Peque\u00f1o Pez<\/em>, se une al siempre magnifico Andrea Sorrentino, dibujante galardonado con un Eisner cuyos puntos fuertes son el suspense y el terror \u2014como demostr\u00f3 en <em>Joker: Sonrisa Asesina<\/em> o en la genial <em>Gideon Falls<\/em>. Un tomito que recopila \u00edntegramente la serie limitada <em>Batman: The Imposter<\/em>, compuesta por tres entregas en su edici\u00f3n original.<\/p>\n<p align=\"JUSTIFY\">Y es que&#8230;, por fin encontr\u00e9 a Andrea Sorrentino (uno de mis ilustradores favoritos) dibujando un c\u00f3mic de Batman. Como comentaba antes, por supuesto, lo podemos ver en <em>Joker: Sonrisa Asesina (<a href=\"https:\/\/www.cronicasliterarias.es\/?p=5874\">https:\/\/www.cronicasliterarias.es\/?p=5874<\/a>)<\/em> y en <em>Batman: Asesino de Sonrisas (<a href=\"https:\/\/www.ecccomics.com\/comic\/batman-asesino-de-sonrisas-8695.aspx\">https:\/\/www.ecccomics.com\/comic\/batman-asesino-de-sonrisas-8695.aspx<\/a>)<\/em> <img loading=\"lazy\" decoding=\"async\" class=\"alignright  wp-image-9216\" src=\"https:\/\/www.cronicasliterarias.es\/wp-content\/uploads\/2022\/04\/batman_el_impostor01-300x231.jpg\" alt=\"\" width=\"222\" height=\"171\" srcset=\"https:\/\/www.cronicasliterarias.es\/wp-content\/uploads\/2022\/04\/batman_el_impostor01-300x231.jpg 300w, https:\/\/www.cronicasliterarias.es\/wp-content\/uploads\/2022\/04\/batman_el_impostor01.jpg 696w\" sizes=\"auto, (max-width: 222px) 100vw, 222px\" \/>antes de esto, pero el primero apenas ten\u00eda Batman para degustar y el segundo es solo un one-shot, no una miniserie como me gusta disfrutar a m\u00ed al estilo de <em>El Impostor<\/em>. Adem\u00e1s, el color corre a cargo del \u00fanico e inigualable Jordie Bellaire, quien resulta ser mi colorista favorito desde ya. El \u00fanico desconocido para m\u00ed era el guionista y escritor, Mattson Tomlin y entonces, \u00bfeste c\u00f3mic esta a la altura de las expectativas? Echemos un vistazo.<\/p>\n<p align=\"JUSTIFY\">Adelantar que es un c\u00f3mic, una historia, visualmente maravillosa. Por ejemplo, hay una incre\u00edble extensi\u00f3n de dos p\u00e1ginas donde vemos una interpretaci\u00f3n monstruosa central con un mitad hombre, mitad murci\u00e9lago (no se preocupen, es solo una representaci\u00f3n simb\u00f3lica del personaje), con partes de la capa de un monstruoso Batman que se extiende por las p\u00e1ginas funcionando como bordes de vi\u00f1eta. Eso ya es espectacular. Pero os dir\u00e9 que el c\u00f3mic est\u00e1 ambientado en esa \u00e9poca en la que la gente todav\u00eda se pregunta si el Caballero Oscuro es siquiera un hombre&#8230; Y bueno, como suele pasar, estamos ante un c\u00f3mic muy oscuro est\u00e9ticamente con las tintas de <img loading=\"lazy\" decoding=\"async\" class=\"alignleft  wp-image-9219\" src=\"https:\/\/www.cronicasliterarias.es\/wp-content\/uploads\/2022\/04\/batman_el_impostor04.jpg\" alt=\"\" width=\"187\" height=\"188\" srcset=\"https:\/\/www.cronicasliterarias.es\/wp-content\/uploads\/2022\/04\/batman_el_impostor04.jpg 256w, https:\/\/www.cronicasliterarias.es\/wp-content\/uploads\/2022\/04\/batman_el_impostor04-150x150.jpg 150w, https:\/\/www.cronicasliterarias.es\/wp-content\/uploads\/2022\/04\/batman_el_impostor04-100x100.jpg 100w\" sizes=\"auto, (max-width: 187px) 100vw, 187px\" \/>Sorrentino pesadas en sombras y los colores de Bellaire mezcl\u00e1ndose perfectamente con ellas. Realmente marcando el tono de cada escena. Tintas y colores intencionados para que la historia parezca una pesadilla.<\/p>\n<p align=\"JUSTIFY\">En <em>Batman: El Impostor<\/em> tambi\u00e9n se disfruta mucho de los dise\u00f1os de los personajes: todos se ven completamente \u00fanicos y se aprecia mucho realismo en cada uno de ellos. Podr\u00edan ser personas que ves por la calle. Y brilla el arte secuencial y se nota que hay un director de cine detr\u00e1s de esta trama. \u00bfUn ejemplo? Hay una gran secuencia en la que Batman (\u00a1Montado en bicicleta!), persigue a un par de criminales. Batman pasa corriendo junto a los otros autos de la calle, alcanza a los criminales, lanza una granada en al coche y el auto choca contra otro. Cada momento sigue al anterior de manera l\u00f3gica y como resultado la historia tiene acci\u00f3n casi en cada vi\u00f1eta.<\/p>\n<p align=\"JUSTIFY\">\u00bfLa trama? Primero se menciona que \u201cla ira de Bruce ahuyent\u00f3 a su tutor\u201d. Supongo que por \u00abtutor\u00bb se refieren a Alfred. Aunque me resist\u00ed a la idea de que Alfred dejara solo a <img loading=\"lazy\" decoding=\"async\" class=\"alignright  wp-image-9218\" src=\"https:\/\/www.cronicasliterarias.es\/wp-content\/uploads\/2022\/04\/batman_el_impostor02-202x300.jpg\" alt=\"\" width=\"147\" height=\"218\" srcset=\"https:\/\/www.cronicasliterarias.es\/wp-content\/uploads\/2022\/04\/batman_el_impostor02-202x300.jpg 202w, https:\/\/www.cronicasliterarias.es\/wp-content\/uploads\/2022\/04\/batman_el_impostor02.jpg 355w\" sizes=\"auto, (max-width: 147px) 100vw, 147px\" \/>Bruce para lidiar con el problema de la trama. A lo que vamos es, que estamos en una historia donde Bruce lleva poco tiempo siendo Batman. Por desgracia, ya se ha ganado enemigos tremendamente poderosos. Y la \u00e9lite financiera tradicional de Gotham se muestra hostil ante lo imprevisible de ese t\u00edo con pijama negro que va por la ciudad impartiendo justicia. Por lo que se desarrolla un plan para neutralizar al justiciero. Y aparece un segundo Batman acechando en las azoteas y los callejones&#8230; que asesina criminales. \u00bfLimpiar su nombre? Eso como m\u00ednimo.<\/p>\n","protected":false},"excerpt":{"rendered":"<p>En una semana con m\u00e1s tiempo o vacaciones, \u00bfa qui\u00e9n no le va a apetecer cogerse uno de estos tomitos tan chulos del orejas picudas que publica ECC Ediciones en nuestro pa\u00eds y que recopila un arco argumental completo. Aventura que disfrutar y quien sabe si comentar con alguien alg\u00fan dia en mesa de debate. [&hellip;]<\/p>\n","protected":false},"author":4,"featured_media":0,"comment_status":"closed","ping_status":"closed","sticky":false,"template":"","format":"standard","meta":{"footnotes":""},"categories":[49,29,74,6],"tags":[173,73,11,10],"class_list":["post-9213","post","type-post","status-publish","format-standard","hentry","category-comics","category-ecc-ediciones","category-integral","category-resenas","tag-biblioteca-dc-black-label","tag-ecc-ediciones-dc-comics","tag-j-j-castillo","tag-resenas"],"_links":{"self":[{"href":"https:\/\/www.cronicasliterarias.es\/index.php?rest_route=\/wp\/v2\/posts\/9213","targetHints":{"allow":["GET"]}}],"collection":[{"href":"https:\/\/www.cronicasliterarias.es\/index.php?rest_route=\/wp\/v2\/posts"}],"about":[{"href":"https:\/\/www.cronicasliterarias.es\/index.php?rest_route=\/wp\/v2\/types\/post"}],"author":[{"embeddable":true,"href":"https:\/\/www.cronicasliterarias.es\/index.php?rest_route=\/wp\/v2\/users\/4"}],"replies":[{"embeddable":true,"href":"https:\/\/www.cronicasliterarias.es\/index.php?rest_route=%2Fwp%2Fv2%2Fcomments&post=9213"}],"version-history":[{"count":7,"href":"https:\/\/www.cronicasliterarias.es\/index.php?rest_route=\/wp\/v2\/posts\/9213\/revisions"}],"predecessor-version":[{"id":9235,"href":"https:\/\/www.cronicasliterarias.es\/index.php?rest_route=\/wp\/v2\/posts\/9213\/revisions\/9235"}],"wp:attachment":[{"href":"https:\/\/www.cronicasliterarias.es\/index.php?rest_route=%2Fwp%2Fv2%2Fmedia&parent=9213"}],"wp:term":[{"taxonomy":"category","embeddable":true,"href":"https:\/\/www.cronicasliterarias.es\/index.php?rest_route=%2Fwp%2Fv2%2Fcategories&post=9213"},{"taxonomy":"post_tag","embeddable":true,"href":"https:\/\/www.cronicasliterarias.es\/index.php?rest_route=%2Fwp%2Fv2%2Ftags&post=9213"}],"curies":[{"name":"wp","href":"https:\/\/api.w.org\/{rel}","templated":true}]}}