{"id":9407,"date":"2022-05-03T00:05:00","date_gmt":"2022-05-03T00:05:00","guid":{"rendered":"https:\/\/www.cronicasliterarias.es\/?p=9407"},"modified":"2024-06-23T07:40:40","modified_gmt":"2024-06-23T07:40:40","slug":"resena-el-ultimo-atlas-de","status":"publish","type":"post","link":"https:\/\/www.cronicasliterarias.es\/?p=9407","title":{"rendered":"Rese\u00f1a: El \u00daltimo Atlas, de Fabien Vehlmann, De Bonneval y VVAA"},"content":{"rendered":"<p align=\"JUSTIFY\"><img loading=\"lazy\" decoding=\"async\" class=\"alignright  wp-image-9410\" src=\"https:\/\/www.cronicasliterarias.es\/wp-content\/uploads\/2022\/05\/El-ultimo-atlas-725x1024.jpg\" alt=\"\" width=\"253\" height=\"357\" srcset=\"https:\/\/www.cronicasliterarias.es\/wp-content\/uploads\/2022\/05\/El-ultimo-atlas-725x1024.jpg 725w, https:\/\/www.cronicasliterarias.es\/wp-content\/uploads\/2022\/05\/El-ultimo-atlas-213x300.jpg 213w, https:\/\/www.cronicasliterarias.es\/wp-content\/uploads\/2022\/05\/El-ultimo-atlas-768x1084.jpg 768w, https:\/\/www.cronicasliterarias.es\/wp-content\/uploads\/2022\/05\/El-ultimo-atlas.jpg 850w\" sizes=\"auto, (max-width: 253px) 100vw, 253px\" \/>Desde hace un tiempo, tengo a una persona que me insist\u00eda en que <em>El \u00daltimo Atlas<\/em> me iba a encantar. Le ech\u00e9 un ojo por internet a la edici\u00f3n original y la verdad es que en un principio no me atrajo mucho. Sobre todo, sumaba que al ser rese\u00f1ador principal de <em>Cr\u00f3nicas Literarias \u2013 Desde New York<\/em> tengo mucho pendiente y bueno, como para ponerme con un t\u00edtulo que ni siquiera estaba en nuestro idioma. Pero casualidades de la vida, tres o cuatro meses despu\u00e9s veo que Ponent Mon, la siempre genial editorial de c\u00f3mic europeo, lo publicaba en nuestro pa\u00eds. Y aqu\u00ed est\u00e1. Leido, devorado y rese\u00f1ado. Pero, sobre todo, disfrutado, tal y como dec\u00eda que iba a pasar mi colega lector M\u00e1ximo Le Brut, como yo le llamo.<\/p>\n<p align=\"JUSTIFY\">Y ahora dir\u00e9is, bueno, si mi colega insiste e insiste en que lea un t\u00edtulo, yo lo ojeo y luego lo dejo, no significa nada para m\u00ed y ahora que, \u00bfes s\u00faper recomendable? Pues s\u00ed. Y quiz\u00e1s la culpa la tuvo el comienzo de <em>El \u00daltimo Atlas<\/em> que sinceramente es algo t\u00edpico: un peque\u00f1o mafioso de Nantes, Ismael Tayeb, lleva el tejemaneje de las m\u00e1quinas tragaperras <img loading=\"lazy\" decoding=\"async\" class=\"alignleft  wp-image-9411\" src=\"https:\/\/www.cronicasliterarias.es\/wp-content\/uploads\/2022\/05\/El-ultimo-atlas116-225x300.jpg\" alt=\"\" width=\"140\" height=\"187\" srcset=\"https:\/\/www.cronicasliterarias.es\/wp-content\/uploads\/2022\/05\/El-ultimo-atlas116-225x300.jpg 225w, https:\/\/www.cronicasliterarias.es\/wp-content\/uploads\/2022\/05\/El-ultimo-atlas116-767x1024.jpg 767w, https:\/\/www.cronicasliterarias.es\/wp-content\/uploads\/2022\/05\/El-ultimo-atlas116-768x1026.jpg 768w, https:\/\/www.cronicasliterarias.es\/wp-content\/uploads\/2022\/05\/El-ultimo-atlas116.jpg 787w\" sizes=\"auto, (max-width: 140px) 100vw, 140px\" \/>de la ciudad y poco m\u00e1s sucede de momento. F\u00e1cilmente podr\u00edamos caer en el thriller con una guerra de pandillas o de peque\u00f1os mafiosos que se disputan la pasta de los antros del lugar. Pero no. De pronto, empiezan a aparecer en la trama misteriosas migraciones de animales en el desierto de Argelia que ponen patas arriba la vida de Tayeb. Y adem\u00e1s, alrededor de este hombre, comienzan a orbitar toda una galer\u00eda de personajes bastante sorprendentes que quiz\u00e1s fue a lo que yo no llegu\u00e9 la primera vez.<\/p>\n<p align=\"JUSTIFY\">Tenemos a Martin y Jean Legoff, la parejita de los bajos fondos; Fran\u00e7oise, la ex-reportera de guerra que se enfrentar\u00e1 en Tassili a fen\u00f3menos sin precedentes y no nos olvidemos de los vejestorios del \u00abGeorge Sand\u00bb. Y, por supuesto, el \u00daltimo Atlas, un extraordinario robot en el que se centra la trama principal. Pues la b\u00fasqueda del \u00daltimo Atlas es la misi\u00f3n de la primera parte de una trilog\u00eda en que fen\u00f3menos sin precedentes pueden trastornar el equilibrio del mundo. Y es Ismael Tayeb qui\u00e9n pertenece a una banda criminal cuyo jefe le ordena encontrar una bater\u00eda nuclear potente y para ello piensa en roba el \u00daltimo Atlas, uno de eso enormes robots franceses usados en construcciones tit\u00e1nicas a mediados de los 70.<\/p>\n<p align=\"JUSTIFY\"><img loading=\"lazy\" decoding=\"async\" class=\"alignright size-medium wp-image-9413\" src=\"https:\/\/www.cronicasliterarias.es\/wp-content\/uploads\/2022\/05\/El-ultimo-atlas71-300x136.jpg\" alt=\"\" width=\"300\" height=\"136\" srcset=\"https:\/\/www.cronicasliterarias.es\/wp-content\/uploads\/2022\/05\/El-ultimo-atlas71-300x136.jpg 300w, https:\/\/www.cronicasliterarias.es\/wp-content\/uploads\/2022\/05\/El-ultimo-atlas71.jpg 769w\" sizes=\"auto, (max-width: 300px) 100vw, 300px\" \/>Sobre las consecuencias del final de la guerra de Argelia, este \u00e1lbum finalmente nos lleva a una asombrosa historia alternativa, que nos dejar\u00e1 con el culo torcido al final del primer arco. Segu\u00ed con cierta fascinaci\u00f3n la historia de Tayeb, que a lo largo de los cap\u00edtulos se va afirmando cada vez m\u00e1s y acaba emancip\u00e1ndose del inframundo de Nantes. Os aseguro que este tomo es literalmente adictivo. Tengo la prueba de que mi mujer, que rara vez lee c\u00f3mics de este tipo, me lo pidi\u00f3 prestado y lo devor\u00f3 en dos sentadas.<\/p>\n<p align=\"JUSTIFY\">Los autores confirmados (Vehlman, De Bonneval, Tanquerelle y Blanchard) nos regalan una historia digna de la mejor serie de televisi\u00f3n: sin tiempos muertos, pasamos de un personaje a otro, de un continente a otro,&nbsp; con una lectura que te lleva a estar muy atento para no perderte nada. Existe una versi\u00f3n de este c\u00f3mic en blanco y negro (que es la que yo vi por primera vez) y otra en color que es la que ha editado Ponent Mon. Por supuesto, a color esta historia gana bastante. Una versi\u00f3n espl\u00e9ndida donde destaca el dibujo de Herv\u00e9 Tanquerelle y una trama de g\u00e9nero negro muy recomendable.<\/p>\n<p align=\"JUSTIFY\">Ex\u00f3tico, original y adictivo. Uno de los mejores lanzamientos de los \u00faltimos meses.<\/p>\n<p align=\"JUSTIFY\"><img loading=\"lazy\" decoding=\"async\" class=\"alignleft  wp-image-9412\" src=\"https:\/\/www.cronicasliterarias.es\/wp-content\/uploads\/2022\/05\/El-ultimo-atlas-12-300x271.jpg\" alt=\"\" width=\"223\" height=\"201\" srcset=\"https:\/\/www.cronicasliterarias.es\/wp-content\/uploads\/2022\/05\/El-ultimo-atlas-12-300x271.jpg 300w, https:\/\/www.cronicasliterarias.es\/wp-content\/uploads\/2022\/05\/El-ultimo-atlas-12-768x693.jpg 768w, https:\/\/www.cronicasliterarias.es\/wp-content\/uploads\/2022\/05\/El-ultimo-atlas-12.jpg 777w\" sizes=\"auto, (max-width: 223px) 100vw, 223px\" \/>Me dijo mi amigo Max, que se ley\u00f3 los tres tomos en su edici\u00f3n original que muchos esperaban que los autores en turno, le pusieran un final apocal\u00edptico. No me concret\u00f3 si fue asi o no. Lo que si me dijo es que intente leer todo lo que salga de esta serie y de un tir\u00f3n. Asi es como la historia gana mucho.<\/p>\n<p align=\"JUSTIFY\">Eso har\u00e9.<\/p>\n","protected":false},"excerpt":{"rendered":"<p>Desde hace un tiempo, tengo a una persona que me insist\u00eda en que El \u00daltimo Atlas me iba a encantar. Le ech\u00e9 un ojo por internet a la edici\u00f3n original y la verdad es que en un principio no me atrajo mucho. Sobre todo, sumaba que al ser rese\u00f1ador principal de Cr\u00f3nicas Literarias \u2013 Desde [&hellip;]<\/p>\n","protected":false},"author":4,"featured_media":0,"comment_status":"closed","ping_status":"closed","sticky":false,"template":"","format":"standard","meta":{"footnotes":""},"categories":[53,44,203,37,18],"tags":[297,11,19,10],"class_list":["post-9407","post","type-post","status-publish","format-standard","hentry","category-bd","category-comic-europeo","category-novela-grafica","category-novela-negra","category-ponent-mon","tag-comic-europeo-2022","tag-j-j-castillo","tag-ponent-mon","tag-resenas"],"_links":{"self":[{"href":"https:\/\/www.cronicasliterarias.es\/index.php?rest_route=\/wp\/v2\/posts\/9407","targetHints":{"allow":["GET"]}}],"collection":[{"href":"https:\/\/www.cronicasliterarias.es\/index.php?rest_route=\/wp\/v2\/posts"}],"about":[{"href":"https:\/\/www.cronicasliterarias.es\/index.php?rest_route=\/wp\/v2\/types\/post"}],"author":[{"embeddable":true,"href":"https:\/\/www.cronicasliterarias.es\/index.php?rest_route=\/wp\/v2\/users\/4"}],"replies":[{"embeddable":true,"href":"https:\/\/www.cronicasliterarias.es\/index.php?rest_route=%2Fwp%2Fv2%2Fcomments&post=9407"}],"version-history":[{"count":6,"href":"https:\/\/www.cronicasliterarias.es\/index.php?rest_route=\/wp\/v2\/posts\/9407\/revisions"}],"predecessor-version":[{"id":16557,"href":"https:\/\/www.cronicasliterarias.es\/index.php?rest_route=\/wp\/v2\/posts\/9407\/revisions\/16557"}],"wp:attachment":[{"href":"https:\/\/www.cronicasliterarias.es\/index.php?rest_route=%2Fwp%2Fv2%2Fmedia&parent=9407"}],"wp:term":[{"taxonomy":"category","embeddable":true,"href":"https:\/\/www.cronicasliterarias.es\/index.php?rest_route=%2Fwp%2Fv2%2Fcategories&post=9407"},{"taxonomy":"post_tag","embeddable":true,"href":"https:\/\/www.cronicasliterarias.es\/index.php?rest_route=%2Fwp%2Fv2%2Ftags&post=9407"}],"curies":[{"name":"wp","href":"https:\/\/api.w.org\/{rel}","templated":true}]}}