{"id":9595,"date":"2022-05-24T00:05:00","date_gmt":"2022-05-24T00:05:00","guid":{"rendered":"https:\/\/www.cronicasliterarias.es\/?p=9595"},"modified":"2022-05-24T10:33:42","modified_gmt":"2022-05-24T10:33:42","slug":"resena-daredevil-amarillo-de-jeph-loeb-y-tim-sale","status":"publish","type":"post","link":"https:\/\/www.cronicasliterarias.es\/?p=9595","title":{"rendered":"Rese\u00f1a: Daredevil Amarillo, de Jeph Loeb y Tim Sale"},"content":{"rendered":"<p align=\"JUSTIFY\"><img loading=\"lazy\" decoding=\"async\" class=\"alignleft  wp-image-9598\" src=\"https:\/\/www.cronicasliterarias.es\/wp-content\/uploads\/2022\/05\/daredevilyellow-676x1024.jpg\" alt=\"\" width=\"222\" height=\"336\" srcset=\"https:\/\/www.cronicasliterarias.es\/wp-content\/uploads\/2022\/05\/daredevilyellow-676x1024.jpg 676w, https:\/\/www.cronicasliterarias.es\/wp-content\/uploads\/2022\/05\/daredevilyellow-198x300.jpg 198w, https:\/\/www.cronicasliterarias.es\/wp-content\/uploads\/2022\/05\/daredevilyellow-768x1164.jpg 768w, https:\/\/www.cronicasliterarias.es\/wp-content\/uploads\/2022\/05\/daredevilyellow.jpg 792w\" sizes=\"auto, (max-width: 222px) 100vw, 222px\" \/>Daredevil es uno de los grandes superh\u00e9roes callejeros del mundo del c\u00f3mic. Uno de los m\u00e1s famosos h\u00e9roes de Marvel. Y uno de los personajes a los que hay que recurrir cada poco. En especial, el <em>Daredevil<\/em>, de Frank Miller y Klaus Janson, la joyita que publica este mes Panini C\u00f3mics en formato Colecci\u00f3n Frank Miller (tomaco de los buenos: <a href=\"https:\/\/www.panini.es\/shp_esp_es\/colecci-n-frank-miller-daredevil-de-frank-miller-y-klaus-janson-sfrmi003y-es01.html\">https:\/\/www.panini.es\/shp_esp_es\/colecci-n-frank-miller-daredevil-de-frank-miller-y-klaus-janson-sfrmi003y-es01.html<\/a>). Aunque tambi\u00e9n existen otras chuladas como es el <em>Daredevil Amarillo<\/em>, del tandem de maestros Jeph Loeb y Tim Sale. Pues desde 1964, Matt Murdock ha defendido las calles de Hell&#8217;s Kitchen de gente como Kingpin y otras amenazas. La mayor\u00eda de los lectores de historietas reconocer\u00e1n al h\u00e9roe ciego por su traje rojo, el mismo que ha usado a lo largo de su historial de publicaciones. Pero no muchos saben que, sin embargo, comenz\u00f3 su carrera vistiendo un traje amarillo. Un traje recuperado y que se ve de manera m\u00e1s prominente en la miniserie de Jeph Loeb y Tim Sale que hoy os rese\u00f1o y que acaba de rescatar Panini C\u00f3mics para este mes que ya casi se nos va. Un dueto de autores famoso por su trabajo en <em>Batman: El Largo <img loading=\"lazy\" decoding=\"async\" class=\"alignright  wp-image-9599\" src=\"https:\/\/www.cronicasliterarias.es\/wp-content\/uploads\/2022\/05\/daredevilyellow04-163x300.jpg\" alt=\"\" width=\"129\" height=\"237\" srcset=\"https:\/\/www.cronicasliterarias.es\/wp-content\/uploads\/2022\/05\/daredevilyellow04-163x300.jpg 163w, https:\/\/www.cronicasliterarias.es\/wp-content\/uploads\/2022\/05\/daredevilyellow04.jpg 340w\" sizes=\"auto, (max-width: 129px) 100vw, 129px\" \/>Halloween<\/em> (obraza), <em>Spiderman Blue<\/em> (obraza), <em>Capit\u00e1n Am\u00e9rica Blanco<\/em> (entretenido), <em>Hulk Gris<\/em> (curioso), entre otras muchas.<\/p>\n<p align=\"JUSTIFY\">Un c\u00f3mic el <em>Daredevil Amarillo<\/em> donde se aborda el origen de El Hombre Sin Miedo o como muchos otros llaman el Diablo de Hell&#8217;s Kitchen. Pues el dispositivo de inicio es Matt Murdock escribiendo una carta a su difunta amada Karen Page, como una forma de superar su fallecimiento. Decide escribir la historia de c\u00f3mo su origen de Daredevil lo lleva a ella. Un tiempo en la Facultad de Derecho donde con su amigo Foggy Nelson andan cerca de graduarse. Pero el padre de Matt, Battlin&#8217; Jack Murdock, decide inspirarle una noche llev\u00e1ndolo a un gran combate de boxeo. Y \u00e9l, sabiendo que su padre se dedica a las peleas \u201carregladas\u201d, accede e incluso le insta a nunca caer. Y despu\u00e9s de ganar el combate, Jack le da a su hijo su t\u00fanica de boxeo de color amarillo brillante. Y poco despu\u00e9s de eso, Jack es asesinado por g\u00e1nsteres por no ceder en el combate que estaba pactado perder&#8230; Pero Matt y Foggy intentan acabar con esos mafiosos en las juzgados, pero debido a las coartadas dadas y el dinero bajo cuerda, salen impunes. Matt esa noche crea su primer atuendo de Daredevil con la t\u00fanica alimonada que va a empezar a dar miedo a muchos, muchos&#8230;<\/p>\n<p align=\"JUSTIFY\"><img loading=\"lazy\" decoding=\"async\" class=\"alignleft  wp-image-9600\" src=\"https:\/\/www.cronicasliterarias.es\/wp-content\/uploads\/2022\/05\/daredevilyellow03-217x300.jpg\" alt=\"\" width=\"181\" height=\"250\" srcset=\"https:\/\/www.cronicasliterarias.es\/wp-content\/uploads\/2022\/05\/daredevilyellow03-217x300.jpg 217w, https:\/\/www.cronicasliterarias.es\/wp-content\/uploads\/2022\/05\/daredevilyellow03.jpg 362w\" sizes=\"auto, (max-width: 181px) 100vw, 181px\" \/>Lo m\u00e1s importante a tener en cuenta aqu\u00ed es que, a diferencia de otras narraciones de su origen, esta versi\u00f3n del origen de Daredevil est\u00e1 bien fundamentada. No nos enfocamos en Daredevil. Nos enfocamos en Matt Murdock. La mayor parte de la historia sigue la vida de Matt sin necesidad de secuencias de acci\u00f3n. Si bien las peleas est\u00e1n chulas, una simple escena en la que Matt, Foggy y Karen van a un bar&#8230;, los autores consiguen mostrarla interesante. Es esta quema lenta y m\u00e1s centrada en los personajes lo que hace que <em>Daredevil Amarillo<\/em> brille. Otro aspecto fant\u00e1stico es ver la din\u00e1mica entre el tr\u00edo de amigos en estos primeros tiempos. El lector sentir\u00e1 la tensi\u00f3n a su alrededor mientras los chicos intentan ganarse el coraz\u00f3n de Karen. Es una din\u00e1mica que es poco com\u00fan en los c\u00f3mics hoy en d\u00eda, ya que la ni\u00f1a elige al h\u00e9roe. Sin embargo, dado que nos enfocamos m\u00e1s en el lado humano de las cosas, ves que ambos chicos tienen oportunidad de ganarse el coraz\u00f3n de ella y llevan una pelea limpia por ello. Encontrar\u00e9is momentos en los que estar\u00e9is de parte de Matt y otros en los que preferir\u00e9is a Foggy Nelson como ganador.<\/p>\n<p align=\"JUSTIFY\">Tim Sale ilustra la historia. Su estilo es \u00fanico, se remonta a historias cl\u00e1sicas en lugar del <img loading=\"lazy\" decoding=\"async\" class=\"alignright  wp-image-9601\" src=\"https:\/\/www.cronicasliterarias.es\/wp-content\/uploads\/2022\/05\/daredevilyellow01-300x226.jpg\" alt=\"\" width=\"230\" height=\"173\" srcset=\"https:\/\/www.cronicasliterarias.es\/wp-content\/uploads\/2022\/05\/daredevilyellow01-300x226.jpg 300w, https:\/\/www.cronicasliterarias.es\/wp-content\/uploads\/2022\/05\/daredevilyellow01.jpg 579w\" sizes=\"auto, (max-width: 230px) 100vw, 230px\" \/>estilo m\u00e1s suave de hoy. Pero la conclusi\u00f3n es que <em>Daredevil Amarillo<\/em> es una excelente historia de Matt Murdock, ideal para empezar con el personaje. Da un poco m\u00e1s de luz a un superh\u00e9roe que parece m\u00e1s oscuro que la mayor\u00eda. Un origen tan cl\u00e1sico como maravilloso.<\/p>\n","protected":false},"excerpt":{"rendered":"<p>Daredevil es uno de los grandes superh\u00e9roes callejeros del mundo del c\u00f3mic. Uno de los m\u00e1s famosos h\u00e9roes de Marvel. Y uno de los personajes a los que hay que recurrir cada poco. En especial, el Daredevil, de Frank Miller y Klaus Janson, la joyita que publica este mes Panini C\u00f3mics en formato Colecci\u00f3n Frank [&hellip;]<\/p>\n","protected":false},"author":4,"featured_media":0,"comment_status":"closed","ping_status":"closed","sticky":false,"template":"","format":"standard","meta":{"footnotes":""},"categories":[49,28,6],"tags":[79,11,218,10],"class_list":["post-9595","post","type-post","status-publish","format-standard","hentry","category-comics","category-panini-comics","category-resenas","tag-100-marvel-hc","tag-j-j-castillo","tag-panini-comics-marvel","tag-resenas"],"_links":{"self":[{"href":"https:\/\/www.cronicasliterarias.es\/index.php?rest_route=\/wp\/v2\/posts\/9595","targetHints":{"allow":["GET"]}}],"collection":[{"href":"https:\/\/www.cronicasliterarias.es\/index.php?rest_route=\/wp\/v2\/posts"}],"about":[{"href":"https:\/\/www.cronicasliterarias.es\/index.php?rest_route=\/wp\/v2\/types\/post"}],"author":[{"embeddable":true,"href":"https:\/\/www.cronicasliterarias.es\/index.php?rest_route=\/wp\/v2\/users\/4"}],"replies":[{"embeddable":true,"href":"https:\/\/www.cronicasliterarias.es\/index.php?rest_route=%2Fwp%2Fv2%2Fcomments&post=9595"}],"version-history":[{"count":5,"href":"https:\/\/www.cronicasliterarias.es\/index.php?rest_route=\/wp\/v2\/posts\/9595\/revisions"}],"predecessor-version":[{"id":9606,"href":"https:\/\/www.cronicasliterarias.es\/index.php?rest_route=\/wp\/v2\/posts\/9595\/revisions\/9606"}],"wp:attachment":[{"href":"https:\/\/www.cronicasliterarias.es\/index.php?rest_route=%2Fwp%2Fv2%2Fmedia&parent=9595"}],"wp:term":[{"taxonomy":"category","embeddable":true,"href":"https:\/\/www.cronicasliterarias.es\/index.php?rest_route=%2Fwp%2Fv2%2Fcategories&post=9595"},{"taxonomy":"post_tag","embeddable":true,"href":"https:\/\/www.cronicasliterarias.es\/index.php?rest_route=%2Fwp%2Fv2%2Ftags&post=9595"}],"curies":[{"name":"wp","href":"https:\/\/api.w.org\/{rel}","templated":true}]}}