{"id":9695,"date":"2022-06-03T00:05:00","date_gmt":"2022-06-03T00:05:00","guid":{"rendered":"https:\/\/www.cronicasliterarias.es\/?p=9695"},"modified":"2022-06-03T11:14:30","modified_gmt":"2022-06-03T11:14:30","slug":"resena-clarke-kubrick-de-alfonso-lafont","status":"publish","type":"post","link":"https:\/\/www.cronicasliterarias.es\/?p=9695","title":{"rendered":"Rese\u00f1a: Clarke &#038; Kubrick, de Alfonso Font"},"content":{"rendered":"<p align=\"JUSTIFY\"><img loading=\"lazy\" decoding=\"async\" class=\"alignleft  wp-image-9697\" src=\"https:\/\/www.cronicasliterarias.es\/wp-content\/uploads\/2022\/06\/Clarke_Kubrick.jpg\" alt=\"\" width=\"238\" height=\"318\" srcset=\"https:\/\/www.cronicasliterarias.es\/wp-content\/uploads\/2022\/06\/Clarke_Kubrick.jpg 566w, https:\/\/www.cronicasliterarias.es\/wp-content\/uploads\/2022\/06\/Clarke_Kubrick-225x300.jpg 225w\" sizes=\"auto, (max-width: 238px) 100vw, 238px\" \/>Tambi\u00e9n ECC Ediciones ha puesto su ojo en recuperaciones de c\u00f3mic europeo que son joyitas. Y hace bien. Porque el c\u00f3mic europeo pese a ser un producto caro desde que tengo uso de raz\u00f3n, siempre ha tenido detr\u00e1s su peque\u00f1o ej\u00e9rcito de seguidores-compradores, un grupo de fans que no decae, que siempre est\u00e1n ah\u00ed y que se renuevan de forma oculta muy al estilo del gremio rebelde en <em>Star Wars<\/em>. Y no s\u00e9 vosotros pero mi sorpresa fue may\u00fascula cuando entre las novedades pasadas vi que ECC Ediciones publicaba\/rescataba\/pon\u00eda de nuevo en librer\u00edas, una nueva edici\u00f3n del <em>Clarke &amp; Kubrick<\/em> del gran Alfonso Font.<\/p>\n<p align=\"JUSTIFY\"><em>Clarke &amp; Kubrick<\/em> se confirm\u00f3 como una de las grandes obras que se pueden encontrar dentro de la obra del maestro Font. De la revista <em>Rambla<\/em> pas\u00f3 al formato \u00e1lbum, hizo sus pinitos en la genial <em>CIMOC<\/em> y ahora nos llega esta tremenda edici\u00f3n que recopila todas las historias protagonizadas por estos tremendos personajes; historias en las que el autor catal\u00e1n combin\u00f3 ciencia ficci\u00f3n, aventura, humor y cr\u00edtica social. Dos personajes con la habilidad de <img loading=\"lazy\" decoding=\"async\" class=\"alignright  wp-image-9698\" src=\"https:\/\/www.cronicasliterarias.es\/wp-content\/uploads\/2022\/06\/Clarke_Kubrick01-300x212.jpg\" alt=\"\" width=\"245\" height=\"173\" srcset=\"https:\/\/www.cronicasliterarias.es\/wp-content\/uploads\/2022\/06\/Clarke_Kubrick01-300x212.jpg 300w, https:\/\/www.cronicasliterarias.es\/wp-content\/uploads\/2022\/06\/Clarke_Kubrick01.jpg 700w\" sizes=\"auto, (max-width: 245px) 100vw, 245px\" \/>meterse en l\u00edos de una forma prodigiosa, y as\u00ed, van encadenando desventuras. Ni totalmente est\u00fapidos, ni completamente temerarios, los dos zigottos no est\u00e1n bien de la cabeza, especialmente Kubrick. Sin trabajos fijos, ni habilidades definidas, buscan \u00absalir adelante\u00bb, por lo que a menudo se encuentran en situaciones l\u00edmite y si siempre salen m\u00e1s o menos ilesos, la mala suerte, su credulidad o su torpeza se interponen en su camino una cosa mala. Por lo tanto, s\u00ed que estamos algo lejos aqu\u00ed, de los famosos h\u00e9roes de las space-operas. M\u00e1s bien estamos tratando con dos perdedores que intentan dolorosamente salir de cada situaci\u00f3n conflictiva.<\/p>\n<p align=\"JUSTIFY\">El c\u00f3mic de <em>Clarke &amp; Kubrick<\/em> se desarrolla en el espacio, en naves o en planetas desconocidos, pero la esencia est\u00e1 en otra parte, en realidad. En los anti-h\u00e9roes. Aqu\u00ed, pocos personajes secundarios vais a encontrar. El tono es divertido y aventurero, con un poco de humor est\u00fapido (pero no demasiado), son aventuras que a todo el mundo puede gustar. \u00bfY e<img loading=\"lazy\" decoding=\"async\" class=\"alignleft  wp-image-9701\" src=\"https:\/\/www.cronicasliterarias.es\/wp-content\/uploads\/2022\/06\/Clarke_Kubrick03-300x277.jpg\" alt=\"\" width=\"248\" height=\"229\" srcset=\"https:\/\/www.cronicasliterarias.es\/wp-content\/uploads\/2022\/06\/Clarke_Kubrick03-300x277.jpg 300w, https:\/\/www.cronicasliterarias.es\/wp-content\/uploads\/2022\/06\/Clarke_Kubrick03.jpg 432w\" sizes=\"auto, (max-width: 248px) 100vw, 248px\" \/>l dibujo de Alfonso Font? Algunos dicen: <em>\u00abEs bueno, es din\u00e1mico, tiene un trazo que me gusta&#8230;\u201d<\/em>. Ladies &amp; gentlemen&#8230; hablemos claro. \u00a1Es una puta maravilla! Obra de arte lo que hace este se\u00f1or casi en cada p\u00e1gina. Aporta un aire retro-c\u00f3mic-europeo muy al estilo BD que tantos amamos. Un tono que, en mi opini\u00f3n, ning\u00fan espa\u00f1ol ha conseguido aportar. Adem\u00e1s de ser, por supuesto, unos a\u00f1adidos que le vienen de perlas a las historias de Ciencia Ficci\u00f3n porque de alg\u00fan modo te traslada a esa \u00e9poca gloriosa de este g\u00e9nero como fueron los a\u00f1os 40, 50 y 60 del siglo pasado. No es una coloraci\u00f3n anticuada con fondos, burbujas o bocadillos psicod\u00e9licos, es que mola as\u00ed (que yo jurar\u00eda que Font lo hizo adrede para la ocasi\u00f3n).<\/p>\n<p align=\"JUSTIFY\">Concretando, estamos ante un c\u00f3mic s\u00faper chulo que, en especial, los fans de la Ciencia Ficci\u00f3n no deber\u00edan perderse. Y muy especial -como dije el otro d\u00eda con la rese\u00f1a de <em>Goomer<\/em>-, muy ideal para los que gusten de la CF mezclada con el humor. Que para m\u00ed es la mejor mezcla de g\u00e9neros que existe. De nombre original <em>Clarke y Kubrick, Espacialistas Ltd<\/em> <img loading=\"lazy\" decoding=\"async\" class=\"alignright  wp-image-9700\" src=\"https:\/\/www.cronicasliterarias.es\/wp-content\/uploads\/2022\/06\/Clarke_Kubrick02-293x300.jpg\" alt=\"\" width=\"186\" height=\"190\" srcset=\"https:\/\/www.cronicasliterarias.es\/wp-content\/uploads\/2022\/06\/Clarke_Kubrick02-293x300.jpg 293w, https:\/\/www.cronicasliterarias.es\/wp-content\/uploads\/2022\/06\/Clarke_Kubrick02.jpg 453w\" sizes=\"auto, (max-width: 186px) 100vw, 186px\" \/>este es un c\u00f3mic que rebosa inspiraci\u00f3n. Una obra que para que ve\u00e1is si est\u00e1 referenciada a la CF cl\u00e1sica que los nombres de sus dos protagonistas hacen alusi\u00f3n directa a los maestros del g\u00e9nero Arthur C. Clarke y Stanley Kubrick, creadores de la magn\u00edfica <em>2001: Una Odisea en el Espacio<\/em>.<\/p>\n<p align=\"JUSTIFY\">Clarke y Kubrick aparecieron por primera vez en un episodio de <em>Cuentos de un futuro imperfecto,<\/em> el titulado <em>Lluvia,<\/em> que se public\u00f3 en el n\u00famero <em>#23<\/em> de la revista<em> 1984<\/em>. Pero Alfonso Font no cre\u00f3 la serie hom\u00f3nima hasta 1982 para la revista <em>Rambla<\/em> y la continu\u00f3 en <em>CIMOC<\/em>, como he contado ya. El volumen que publica ECC Ediciones contiene todo lo publicado en <em>Espacialistas Ltd.<\/em> , as\u00ed como las histiorias llamadas <em>Los estafadores, El amo del mundo<\/em> y <em>La reserva de los locos<\/em>. As\u00ed como diferentes bocetos e ilustraciones realizados por el genial historietista catal\u00e1n.<\/p>\n<p align=\"JUSTIFY\">Clarke y Kubrick son dos especialistas y espacialistas. Su trabajo les permite visitar mundos lejanos y viajar en el tiempo para resolver situaciones complicadas, a veces con <img loading=\"lazy\" decoding=\"async\" class=\"alignleft  wp-image-9702\" src=\"https:\/\/www.cronicasliterarias.es\/wp-content\/uploads\/2022\/06\/Clarke_Kubrick04-300x200.jpg\" alt=\"\" width=\"218\" height=\"145\" srcset=\"https:\/\/www.cronicasliterarias.es\/wp-content\/uploads\/2022\/06\/Clarke_Kubrick04-300x200.jpg 300w, https:\/\/www.cronicasliterarias.es\/wp-content\/uploads\/2022\/06\/Clarke_Kubrick04.jpg 488w\" sizes=\"auto, (max-width: 218px) 100vw, 218px\" \/>torpeza, a veces con ingenio, pero sus aventuras siempre est\u00e1n enfocadas hacia el esperpento. Son una clara referencia al hito famoso del p\u00edcaro espa\u00f1ol. Pero en el Espacio. Una serie a descubrir, de las que os har\u00e1 lamentar que no existan m\u00e1s aventuras por leer.<\/p>\n","protected":false},"excerpt":{"rendered":"<p>Tambi\u00e9n ECC Ediciones ha puesto su ojo en recuperaciones de c\u00f3mic europeo que son joyitas. Y hace bien. Porque el c\u00f3mic europeo pese a ser un producto caro desde que tengo uso de raz\u00f3n, siempre ha tenido detr\u00e1s su peque\u00f1o ej\u00e9rcito de seguidores-compradores, un grupo de fans que no decae, que siempre est\u00e1n ah\u00ed y [&hellip;]<\/p>\n","protected":false},"author":4,"featured_media":0,"comment_status":"closed","ping_status":"closed","sticky":false,"template":"","format":"standard","meta":{"footnotes":""},"categories":[33,44,29,6],"tags":[297,125,11,10],"class_list":["post-9695","post","type-post","status-publish","format-standard","hentry","category-ciencia-ficcion","category-comic-europeo","category-ecc-ediciones","category-resenas","tag-comic-europeo-2022","tag-ecc-ediciones","tag-j-j-castillo","tag-resenas"],"_links":{"self":[{"href":"https:\/\/www.cronicasliterarias.es\/index.php?rest_route=\/wp\/v2\/posts\/9695","targetHints":{"allow":["GET"]}}],"collection":[{"href":"https:\/\/www.cronicasliterarias.es\/index.php?rest_route=\/wp\/v2\/posts"}],"about":[{"href":"https:\/\/www.cronicasliterarias.es\/index.php?rest_route=\/wp\/v2\/types\/post"}],"author":[{"embeddable":true,"href":"https:\/\/www.cronicasliterarias.es\/index.php?rest_route=\/wp\/v2\/users\/4"}],"replies":[{"embeddable":true,"href":"https:\/\/www.cronicasliterarias.es\/index.php?rest_route=%2Fwp%2Fv2%2Fcomments&post=9695"}],"version-history":[{"count":6,"href":"https:\/\/www.cronicasliterarias.es\/index.php?rest_route=\/wp\/v2\/posts\/9695\/revisions"}],"predecessor-version":[{"id":9708,"href":"https:\/\/www.cronicasliterarias.es\/index.php?rest_route=\/wp\/v2\/posts\/9695\/revisions\/9708"}],"wp:attachment":[{"href":"https:\/\/www.cronicasliterarias.es\/index.php?rest_route=%2Fwp%2Fv2%2Fmedia&parent=9695"}],"wp:term":[{"taxonomy":"category","embeddable":true,"href":"https:\/\/www.cronicasliterarias.es\/index.php?rest_route=%2Fwp%2Fv2%2Fcategories&post=9695"},{"taxonomy":"post_tag","embeddable":true,"href":"https:\/\/www.cronicasliterarias.es\/index.php?rest_route=%2Fwp%2Fv2%2Ftags&post=9695"}],"curies":[{"name":"wp","href":"https:\/\/api.w.org\/{rel}","templated":true}]}}